{"id":2550,"date":"2024-06-23T15:20:00","date_gmt":"2024-06-23T15:20:00","guid":{"rendered":"https:\/\/revistavalorenegocios.com\/?p=2550"},"modified":"2024-06-26T03:44:55","modified_gmt":"2024-06-26T03:44:55","slug":"portabilidade-do-saldo-devedor-do-cartao-de-credito-comeca-em-julho","status":"publish","type":"post","link":"https:\/\/revistavalorenegocios.com\/?p=2550","title":{"rendered":"Portabilidade do saldo devedor do cart\u00e3o de cr\u00e9dito come\u00e7a em julho"},"content":{"rendered":"\n<p>A partir de 1\u00ba de julho, os donos de cart\u00e3o de cr\u00e9dito poder\u00e3o transferir o saldo devedor da fatura para uma institui\u00e7\u00e3o financeira que oferecer melhores condi\u00e7\u00f5es de renegocia\u00e7\u00e3o. \u00c9 que entrar\u00e1 em vigor uma resolu\u00e7\u00e3o do Conselho Monet\u00e1rio Nacional (CMN) &#8211; aprovada em dezembro do ano passado &#8211; que busca diminuir o endividamento e melhorar a capacidade de o consumidor se planejar.<\/p>\n\n\n\n<p>A resolu\u00e7\u00e3o \u00e9 a mesma que, desde janeiro,<a href=\"https:\/\/agenciabrasil.ebc.com.br\/economia\/noticia\/2023-12\/sem-acordo-com-bancos-cmn-limita-juros-do-rotativo-100-da-divida\" target=\"_blank\" rel=\"noreferrer noopener\">&nbsp;limitou os juros do rotativo do cart\u00e3o de cr\u00e9dito a 100% da d\u00edvida<\/a>. N\u00e3o estava prevista na lei do programa Desenrola a portabilidade do saldo devedor da fatura que foi aprovada na \u00faltima reuni\u00e3o do CMN do ano passado.<\/p>\n\n\n\n<h2 class=\"wp-block-heading\">Opera\u00e7\u00e3o de cr\u00e9dito<\/h2>\n\n\n\n<p>A medida tamb\u00e9m vale para os demais instrumentos de pagamento p\u00f3s-pagos, modalidades nas quais os recursos s\u00e3o depositados para pagamento de d\u00e9bitos j\u00e1 assumidos. A proposta da institui\u00e7\u00e3o financeira deve ser realizada por meio de uma opera\u00e7\u00e3o de cr\u00e9dito consolidada (que reestruture a d\u00edvida acumulada). Al\u00e9m disso, a portabilidade ter\u00e1 de ser feita de forma gratuita.<\/p>\n\n\n\n<p>Caso a institui\u00e7\u00e3o credora original fa\u00e7a uma contraproposta ao devedor, a opera\u00e7\u00e3o de cr\u00e9dito consolidada dever\u00e1 ter o mesmo prazo do refinanciamento da institui\u00e7\u00e3o proponente. Segundo o Banco Central (BC), a igualdade de prazos permitir\u00e1 a compara\u00e7\u00e3o dos custos.<\/p>\n\n\n\n<h2 class=\"wp-block-heading\">Transpar\u00eancia<\/h2>\n\n\n\n<p>O CMN tamb\u00e9m aumentou a transpar\u00eancia nas faturas do cart\u00e3o de cr\u00e9dito. Tamb\u00e9m a partir de 1\u00ba de julho, as faturas dever\u00e3o trazer uma \u00e1rea de destaque, com as informa\u00e7\u00f5es essenciais, como valor total da fatura, data de vencimento da fatura do per\u00edodo vigente e limite total de cr\u00e9dito.<\/p>\n\n\n\n<p>As faturas tamb\u00e9m dever\u00e3o ter uma \u00e1rea em que sejam oferecidas op\u00e7\u00f5es de pagamento. Nessa \u00e1rea dever\u00e3o estar especificadas apenas as seguintes informa\u00e7\u00f5es: valor do pagamento m\u00ednimo obrigat\u00f3rio; valor dos encargos a serem cobrados no per\u00edodo seguinte no caso de pagamento m\u00ednimo; op\u00e7\u00f5es de financiamento do saldo devedor da fatura, apresentadas na ordem do menor para o maior valor total a pagar; taxas efetivas de juros mensal e anual; e Custo Efetivo Total (CET) das opera\u00e7\u00f5es de cr\u00e9dito.<\/p>\n\n\n\n<p>O CMN tamb\u00e9m obrigou as institui\u00e7\u00f5es financeiras a enviar ao titular do cart\u00e3o a data de vencimento da fatura por&nbsp;<em>e-mail<\/em>&nbsp;ou mensagem em algum canal de atendimento. O aviso ter\u00e1 de ser remetido com pelo menos dois dias de anteced\u00eancia.<\/p>\n\n\n\n<p>Por fim, as faturas ter\u00e3o uma \u00e1rea com informa\u00e7\u00f5es complementares. Nesse campo, devem estar informa\u00e7\u00f5es como lan\u00e7amentos na conta de pagamento; identifica\u00e7\u00e3o das opera\u00e7\u00f5es de cr\u00e9dito contratadas; juros e encargos cobrados no per\u00edodo vigente; valor total de juros e encargos financeiros cobrados referentes \u00e0s opera\u00e7\u00f5es de cr\u00e9dito contratadas; identifica\u00e7\u00e3o das tarifas cobradas; e limites individuais para cada tipo de opera\u00e7\u00e3o, entre outros dados.<\/p>\n","protected":false},"excerpt":{"rendered":"<p>A partir de 1\u00ba de julho, os donos de cart\u00e3o de cr\u00e9dito poder\u00e3o transferir o saldo devedor da fatura para uma institui\u00e7\u00e3o financeira que oferecer melhores condi\u00e7\u00f5es de renegocia\u00e7\u00e3o. \u00c9 que entrar\u00e1 em vigor uma resolu\u00e7\u00e3o do Conselho Monet\u00e1rio Nacional (CMN) &#8211; aprovada em dezembro do ano passado &#8211; que busca diminuir o endividamento e [&hellip;]<\/p>\n","protected":false},"author":3,"featured_media":2551,"comment_status":"open","ping_status":"open","sticky":false,"template":"","format":"standard","meta":{"footnotes":""},"categories":[133],"tags":[],"class_list":{"0":"post-2550","1":"post","2":"type-post","3":"status-publish","4":"format-standard","5":"has-post-thumbnail","7":"category-destaque"},"_links":{"self":[{"href":"https:\/\/revistavalorenegocios.com\/index.php?rest_route=\/wp\/v2\/posts\/2550","targetHints":{"allow":["GET"]}}],"collection":[{"href":"https:\/\/revistavalorenegocios.com\/index.php?rest_route=\/wp\/v2\/posts"}],"about":[{"href":"https:\/\/revistavalorenegocios.com\/index.php?rest_route=\/wp\/v2\/types\/post"}],"author":[{"embeddable":true,"href":"https:\/\/revistavalorenegocios.com\/index.php?rest_route=\/wp\/v2\/users\/3"}],"replies":[{"embeddable":true,"href":"https:\/\/revistavalorenegocios.com\/index.php?rest_route=%2Fwp%2Fv2%2Fcomments&post=2550"}],"version-history":[{"count":1,"href":"https:\/\/revistavalorenegocios.com\/index.php?rest_route=\/wp\/v2\/posts\/2550\/revisions"}],"predecessor-version":[{"id":2552,"href":"https:\/\/revistavalorenegocios.com\/index.php?rest_route=\/wp\/v2\/posts\/2550\/revisions\/2552"}],"wp:featuredmedia":[{"embeddable":true,"href":"https:\/\/revistavalorenegocios.com\/index.php?rest_route=\/wp\/v2\/media\/2551"}],"wp:attachment":[{"href":"https:\/\/revistavalorenegocios.com\/index.php?rest_route=%2Fwp%2Fv2%2Fmedia&parent=2550"}],"wp:term":[{"taxonomy":"category","embeddable":true,"href":"https:\/\/revistavalorenegocios.com\/index.php?rest_route=%2Fwp%2Fv2%2Fcategories&post=2550"},{"taxonomy":"post_tag","embeddable":true,"href":"https:\/\/revistavalorenegocios.com\/index.php?rest_route=%2Fwp%2Fv2%2Ftags&post=2550"}],"curies":[{"name":"wp","href":"https:\/\/api.w.org\/{rel}","templated":true}]}}