{"id":2553,"date":"2024-06-23T15:21:00","date_gmt":"2024-06-23T15:21:00","guid":{"rendered":"https:\/\/revistavalorenegocios.com\/?p=2553"},"modified":"2024-06-26T09:56:54","modified_gmt":"2024-06-26T09:56:54","slug":"grandes-usinas-solares-igualam-capacidade-da-hidreletrica-de-itaipu","status":"publish","type":"post","link":"https:\/\/revistavalorenegocios.com\/?p=2553","title":{"rendered":"Grandes usinas solares igualam capacidade da hidrel\u00e9trica de Itaipu"},"content":{"rendered":"\n<p>As usinas solares de maior porte no pa\u00eds ultrapassaram em junho a marca de 14 gigawatts (GW) de pot\u00eancia operacional, informou esta semana a Associa\u00e7\u00e3o Brasileira de Energia Solar Fotovoltaica (Absolar). A pot\u00eancia iguala a capacidade instalada de Itaipu, a segunda maior usina hidrel\u00e9trica do planeta.<\/p>\n\n\n\n<p>Atualmente, todas as unidades da federa\u00e7\u00e3o t\u00eam usinas solares de grande porte. Na divis\u00e3o por regi\u00f5es, o Nordeste ocupa a lideran\u00e7a, com 59,8% de pot\u00eancia instalada. Em seguida, v\u00eam o Sudeste, com 39,1%, e o Sul, com 0,5%. Completam a lista o Norte e o Centro-Oeste, com 0,3% cada.<\/p>\n\n\n\n<p>Segundo a Absolar, mesmo com a depend\u00eancia da luz solar, \u00e9 plenamente poss\u00edvel aumentar significativamente a participa\u00e7\u00e3o das fontes renov\u00e1veis na matriz el\u00e9trica brasileira. A amplia\u00e7\u00e3o, alega a entidade, pode assegurar a confiabilidade, a seguran\u00e7a e a estabilidade do sistema el\u00e9trico do pa\u00eds, mantendo o equil\u00edbrio t\u00e9cnico e econ\u00f4mico dos contratos de todos os produtores de energia.<\/p>\n\n\n\n<h2 class=\"wp-block-heading\">Varia\u00e7\u00e3o de ventos<\/h2>\n\n\n\n<p>Um estudo realizado de 2019 a 2021 pelo Minist\u00e9rio de Minas e Energia, pela Empresa de Pesquisa Energ\u00e9tica (EPE), pelo Operador Nacional do Sistema El\u00e9trico (ONS) e a GIZ, entidade de coopera\u00e7\u00e3o internacional do governo alem\u00e3o, constatou sinergia entre as matrizes de energia renov\u00e1vel no Brasil. Quando h\u00e1 varia\u00e7\u00f5es nos ventos e no Sol, as hidrel\u00e9tricas garantem o equil\u00edbrio do sistema, n\u00e3o as termel\u00e9tricas f\u00f3sseis. Atualmente, o estudo est\u00e1 na terceira fase.<\/p>\n\n\n\n<p>Ao considerar as unidades de produ\u00e7\u00e3o de energia solar de todos os portes, da produ\u00e7\u00e3o dom\u00e9stica \u00e0s usinas grandes, o Brasil alcan\u00e7ou, em 2023, 15,7 gigawatts de pot\u00eancia m\u00e1xima de energia fotovoltaica. Com 4% do mercado global, o pa\u00eds firmou-se como a terceiro maior produtor de energia solar, atr\u00e1s apenas da China e dos Estados Unidos.<\/p>\n\n\n\n<figure class=\"wp-block-image\"><img decoding=\"async\" src=\"https:\/\/imagens.ebc.com.br\/NvcEPJxSJ_VRJ-KJgUo5EKaBWJ4=\/754x0\/smart\/https:\/\/agenciabrasil.ebc.com.br\/sites\/default\/files\/atoms\/image\/placas_energia_solar.jpg?itok=2ZLd61qg\" alt=\"Placas para gera\u00e7\u00e3o de energia solar\" title=\"Soninha Vill\/GIZ\"\/><\/figure>\n\n\n\n<p>Placas para gera\u00e7\u00e3o de energia solar t\u00eam utiliza\u00e7\u00e3o crescente no Brasil &#8211;<strong>&nbsp;foto&nbsp;<\/strong>&#8211;&nbsp;<strong>Soninha Vill\/GIZ<\/strong><\/p>\n\n\n\n<p>A conclus\u00e3o consta do relat\u00f3rio Perspectiva Global para a Pot\u00eancia Solar 2024-2028, elaborado pela organiza\u00e7\u00e3o&nbsp;<em>SolarPower Europe<\/em>&nbsp;e divulgado na Alemanha. Tanto no levantamento da Absolar como no relat\u00f3rio europeu, a metodologia considera a pot\u00eancia m\u00e1xima de produ\u00e7\u00e3o, nos cen\u00e1rios de maior insola\u00e7\u00e3o, n\u00e3o a pot\u00eancia nominal instalada,<\/p>\n\n\n\n<p>Segundo a Absolar, desde 2012, o setor foi respons\u00e1vel por R$ 60,7 bilh\u00f5es em investimentos e gerou mais de 424 mil empregos verdes. No mesmo per\u00edodo, a produ\u00e7\u00e3o de energia solar proporcionou R$ 20 bilh\u00f5es em arrecada\u00e7\u00e3o aos cofres p\u00fablicos.<\/p>\n","protected":false},"excerpt":{"rendered":"<p>As usinas solares de maior porte no pa\u00eds ultrapassaram em junho a marca de 14 gigawatts (GW) de pot\u00eancia operacional, informou esta semana a Associa\u00e7\u00e3o Brasileira de Energia Solar Fotovoltaica (Absolar). A pot\u00eancia iguala a capacidade instalada de Itaipu, a segunda maior usina hidrel\u00e9trica do planeta. Atualmente, todas as unidades da federa\u00e7\u00e3o t\u00eam usinas solares [&hellip;]<\/p>\n","protected":false},"author":3,"featured_media":2555,"comment_status":"open","ping_status":"open","sticky":false,"template":"","format":"standard","meta":{"footnotes":""},"categories":[132],"tags":[],"class_list":{"0":"post-2553","1":"post","2":"type-post","3":"status-publish","4":"format-standard","5":"has-post-thumbnail","7":"category-energia"},"_links":{"self":[{"href":"https:\/\/revistavalorenegocios.com\/index.php?rest_route=\/wp\/v2\/posts\/2553","targetHints":{"allow":["GET"]}}],"collection":[{"href":"https:\/\/revistavalorenegocios.com\/index.php?rest_route=\/wp\/v2\/posts"}],"about":[{"href":"https:\/\/revistavalorenegocios.com\/index.php?rest_route=\/wp\/v2\/types\/post"}],"author":[{"embeddable":true,"href":"https:\/\/revistavalorenegocios.com\/index.php?rest_route=\/wp\/v2\/users\/3"}],"replies":[{"embeddable":true,"href":"https:\/\/revistavalorenegocios.com\/index.php?rest_route=%2Fwp%2Fv2%2Fcomments&post=2553"}],"version-history":[{"count":2,"href":"https:\/\/revistavalorenegocios.com\/index.php?rest_route=\/wp\/v2\/posts\/2553\/revisions"}],"predecessor-version":[{"id":2625,"href":"https:\/\/revistavalorenegocios.com\/index.php?rest_route=\/wp\/v2\/posts\/2553\/revisions\/2625"}],"wp:featuredmedia":[{"embeddable":true,"href":"https:\/\/revistavalorenegocios.com\/index.php?rest_route=\/wp\/v2\/media\/2555"}],"wp:attachment":[{"href":"https:\/\/revistavalorenegocios.com\/index.php?rest_route=%2Fwp%2Fv2%2Fmedia&parent=2553"}],"wp:term":[{"taxonomy":"category","embeddable":true,"href":"https:\/\/revistavalorenegocios.com\/index.php?rest_route=%2Fwp%2Fv2%2Fcategories&post=2553"},{"taxonomy":"post_tag","embeddable":true,"href":"https:\/\/revistavalorenegocios.com\/index.php?rest_route=%2Fwp%2Fv2%2Ftags&post=2553"}],"curies":[{"name":"wp","href":"https:\/\/api.w.org\/{rel}","templated":true}]}}