{"id":2572,"date":"2024-06-24T14:27:00","date_gmt":"2024-06-24T14:27:00","guid":{"rendered":"https:\/\/revistavalorenegocios.com\/?p=2572"},"modified":"2024-06-26T03:28:24","modified_gmt":"2024-06-26T03:28:24","slug":"servidores-federais-ambientais-iniciam-greve","status":"publish","type":"post","link":"https:\/\/revistavalorenegocios.com\/?p=2572","title":{"rendered":"Servidores federais ambientais iniciam greve"},"content":{"rendered":"\n<p>Servidores federais da \u00e1rea de meio ambiente iniciaram nesta segunda-feira (24) uma greve que &#8211; at\u00e9 o dia 1\u00ba de julho &#8211; deve abranger 21 estados.&nbsp;<img decoding=\"async\" src=\"https:\/\/agenciabrasil.ebc.com.br\/ebc.png?id=1601006&amp;o=node\"><img decoding=\"async\" src=\"https:\/\/agenciabrasil.ebc.com.br\/ebc.gif?id=1601006&amp;o=node\"><\/p>\n\n\n\n<p>Os primeiros estados a paralisar as atividades s\u00e3o Para\u00edba, Par\u00e1, Acre e Rio Grande do Norte. Servidores do Minist\u00e9rio do Meio Ambiente (MMA), em Bras\u00edlia, tamb\u00e9m iniciam hoje o movimento paredista.<\/p>\n\n\n\n<p>Segundo a Associa\u00e7\u00e3o Nacional dos Servidores da Carreira de Especialista em Meio Ambiente (Ascema Nacional), o movimento ser\u00e1 refor\u00e7ado com a&nbsp;<a href=\"https:\/\/agenciabrasil.ebc.com.br\/geral\/noticia\/2024-06\/servidores-ambientais-federais-aprovam-greve-em-17-estados-e-no-df\" target=\"_blank\" rel=\"noreferrer noopener\">ades\u00e3o de outros 17 estados<\/a>, a partir de 1\u00ba de julho: GO, RS, RJ, BA, ES, SC, PR, SP, TO, MG, MA, PI, PE, CE, AL e RO. Complementam essa lista os demais servidores do Distrito Federal n\u00e3o lotados no MMA.<\/p>\n\n\n\n<p>Integram o movimento funcion\u00e1rios&nbsp;p\u00fablicos vinculados ao Instituto Brasileiro do Meio Ambiente e dos Recursos Naturais Renov\u00e1veis (Ibama), ao Instituto Chico Mendes de Conserva\u00e7\u00e3o da Biodiversidade (ICMBio), ao Servi\u00e7o Florestal Brasileiro e ao MMA.<\/p>\n\n\n\n<h2 class=\"wp-block-heading\">Proposta recha\u00e7ada<\/h2>\n\n\n\n<p>As negocia\u00e7\u00f5es com o Minist\u00e9rio da Gest\u00e3o e da Inova\u00e7\u00e3o em Servi\u00e7os P\u00fablicos (MGI) j\u00e1 duram cerca de seis meses, sem avan\u00e7os. Segundo a Ascema, a proposta apresentada pelo MGI foi \u201crecha\u00e7ada em 100% das assembleias\u201d de suas entidades locais, uma vez que n\u00e3o teria atendido a \u201cnenhum dos principais pontos\u201d reivindicados.<\/p>\n\n\n\n<p>&#8220;Infelizmente, o aparente desinteresse do governo federal em realizar a justa e devida reestrutura\u00e7\u00e3o da carreira de especialista em Meio Ambiente e do Plano Especial de Cargos do MMA e do Ibama, que oficializou o rompimento unilateral da mesa, prejudicar\u00e1 os resultados e trar\u00e1 todo o \u00f4nus para o pr\u00f3prio governo e preju\u00edzos para os setores regulados\u201d, disse \u00e0 Ag\u00eancia Brasil o presidente da Ascema, Cleberson Zavaski.<\/p>\n\n\n\n<p>Para ele, somente \u201ca\u00e7\u00f5es essenciais e emergenciais e em n\u00fameros m\u00ednimos ter\u00e3o atividades realizadas&#8221;. Enquanto isso, acrescenta, os servidores permanecer\u00e3o \u201cmobilizados e pressionando\u201d.<\/p>\n\n\n\n<h2 class=\"wp-block-heading\">Reestrutura\u00e7\u00e3o de carreira<\/h2>\n\n\n\n<p>\u201cNossa demanda n\u00e3o \u00e9 por um percentual espec\u00edfico de reajuste, mas de uma verdadeira reestrutura\u00e7\u00e3o de carreira que nos reposicione o mais pr\u00f3ximo de outras carreiras com atribui\u00e7\u00f5es de n\u00edvel de responsabilidade e complexidade semelhantes ao nosso\u201d, acrescentou Zavaski.<\/p>\n\n\n\n<p>Entre as principais reivindica\u00e7\u00f5es est\u00e1 a equipara\u00e7\u00e3o com a remunera\u00e7\u00e3o das carreiras de n\u00edvel superior da Ag\u00eancia Nacional de \u00c1guas e Saneamento B\u00e1sico (ANA), que, no passado, estava integrada ao Ibama. Ap\u00f3s a separa\u00e7\u00e3o, segundo a Ascema, h\u00e1 servidores da ANA com sal\u00e1rio inicial maior que o sal\u00e1rio de final da carreira de especialista em meio ambiente.<\/p>\n\n\n\n<p>\u201cPor\u00e9m, diferentemente da reivindica\u00e7\u00e3o original, a nova contraproposta [apresentada pelo governo] prev\u00ea que a remunera\u00e7\u00e3o inicial seja menor que a da ANA, mas com valoriza\u00e7\u00e3o progressiva que permita que a remunera\u00e7\u00e3o alcance a da ANA a partir do 14\u00ba n\u00edvel e at\u00e9 a supere nos \u00faltimos cinco n\u00edveis, considerando uma tabela com 20 padr\u00f5es, conforme proposto pelo governo\u201d.<\/p>\n\n\n\n<p>A Ascema explica que os servidores aceitaram as propostas do MGI no que diz respeito \u00e0 cria\u00e7\u00e3o da tabela com 20 padr\u00f5es, os percentuais oferecidos para as Gratifica\u00e7\u00f5es de Qualifica\u00e7\u00e3o e o adiamento da discuss\u00e3o sobre a Gratifica\u00e7\u00e3o por Atividade de Risco.<\/p>\n\n\n\n<p>Os servidores da \u00e1rea ambiental j\u00e1 estavam com atividades de fiscaliza\u00e7\u00e3o e licenciamento e outras opera\u00e7\u00f5es de campo suspensas desde janeiro, mas a greve nacional deve estender a paralisa\u00e7\u00e3o para todas as \u00e1reas, inclusive os servi\u00e7os administrativos.<\/p>\n","protected":false},"excerpt":{"rendered":"<p>Servidores federais da \u00e1rea de meio ambiente iniciaram nesta segunda-feira (24) uma greve que &#8211; at\u00e9 o dia 1\u00ba de julho &#8211; deve abranger 21 estados.&nbsp; Os primeiros estados a paralisar as atividades s\u00e3o Para\u00edba, Par\u00e1, Acre e Rio Grande do Norte. Servidores do Minist\u00e9rio do Meio Ambiente (MMA), em Bras\u00edlia, tamb\u00e9m iniciam hoje o [&hellip;]<\/p>\n","protected":false},"author":3,"featured_media":2576,"comment_status":"open","ping_status":"open","sticky":false,"template":"","format":"standard","meta":{"footnotes":""},"categories":[134],"tags":[],"class_list":{"0":"post-2572","1":"post","2":"type-post","3":"status-publish","4":"format-standard","5":"has-post-thumbnail","7":"category-brasil"},"_links":{"self":[{"href":"https:\/\/revistavalorenegocios.com\/index.php?rest_route=\/wp\/v2\/posts\/2572","targetHints":{"allow":["GET"]}}],"collection":[{"href":"https:\/\/revistavalorenegocios.com\/index.php?rest_route=\/wp\/v2\/posts"}],"about":[{"href":"https:\/\/revistavalorenegocios.com\/index.php?rest_route=\/wp\/v2\/types\/post"}],"author":[{"embeddable":true,"href":"https:\/\/revistavalorenegocios.com\/index.php?rest_route=\/wp\/v2\/users\/3"}],"replies":[{"embeddable":true,"href":"https:\/\/revistavalorenegocios.com\/index.php?rest_route=%2Fwp%2Fv2%2Fcomments&post=2572"}],"version-history":[{"count":1,"href":"https:\/\/revistavalorenegocios.com\/index.php?rest_route=\/wp\/v2\/posts\/2572\/revisions"}],"predecessor-version":[{"id":2577,"href":"https:\/\/revistavalorenegocios.com\/index.php?rest_route=\/wp\/v2\/posts\/2572\/revisions\/2577"}],"wp:featuredmedia":[{"embeddable":true,"href":"https:\/\/revistavalorenegocios.com\/index.php?rest_route=\/wp\/v2\/media\/2576"}],"wp:attachment":[{"href":"https:\/\/revistavalorenegocios.com\/index.php?rest_route=%2Fwp%2Fv2%2Fmedia&parent=2572"}],"wp:term":[{"taxonomy":"category","embeddable":true,"href":"https:\/\/revistavalorenegocios.com\/index.php?rest_route=%2Fwp%2Fv2%2Fcategories&post=2572"},{"taxonomy":"post_tag","embeddable":true,"href":"https:\/\/revistavalorenegocios.com\/index.php?rest_route=%2Fwp%2Fv2%2Ftags&post=2572"}],"curies":[{"name":"wp","href":"https:\/\/api.w.org\/{rel}","templated":true}]}}