{"id":2578,"date":"2024-06-24T20:28:00","date_gmt":"2024-06-24T20:28:00","guid":{"rendered":"https:\/\/revistavalorenegocios.com\/?p=2578"},"modified":"2024-06-26T03:33:09","modified_gmt":"2024-06-26T03:33:09","slug":"dolar-fecha-abaixo-de-r-540-pela-primeira-vez-em-dez-dias","status":"publish","type":"post","link":"https:\/\/revistavalorenegocios.com\/?p=2578","title":{"rendered":"D\u00f3lar fecha abaixo de R$ 5,40 pela primeira vez em dez dias"},"content":{"rendered":"\n<p>Num dia de al\u00edvio no mercado financeiro, o d\u00f3lar fechou abaixo de R$ 5,40 pela primeira vez em dez dias. A bolsa subiu mais de 1% e recuperou os 122 mil pontos.<\/p>\n\n\n\n<p>O d\u00f3lar comercial encerrou esta segunda-feira (24) vendido a R$ 5,391, com queda de R$ 0,05 (-0,92%). A cota\u00e7\u00e3o abriu est\u00e1vel, mas recuou ainda durante a manh\u00e3. Na m\u00ednima do dia, por volta das 11h, chegou a R$ 5,37.<\/p>\n\n\n\n<p>Com o desempenho de hoje, a moeda norte-americana sobe 2,7% em junho. Em 2024, a divisa acumula alta de 11,09%.<\/p>\n\n\n\n<p>O mercado de a\u00e7\u00f5es teve mais um dia de recupera\u00e7\u00e3o. O \u00edndice Ibovespa, da B3, fechou aos 122.637 pontos, com alta de 1,07%. Esta foi a quinta alta seguida do indicador.<\/p>\n\n\n\n<p>Sem ru\u00eddos pol\u00edticos internos e sem a divulga\u00e7\u00e3o de indicadores no exterior, o mercado financeiro teve um dia de al\u00edvio. Parte dos investidores vendeu d\u00f3lares para embolsarem ganhos recentes, empurrando para baixo a cota\u00e7\u00e3o.<\/p>\n\n\n\n<p>O mercado financeiro aguarda a divulga\u00e7\u00e3o da ata da reuni\u00e3o do Comit\u00ea de Pol\u00edtica Monet\u00e1ria (Copom), nesta ter\u00e7a-feira (25). Os investidores aguardam se o documento faz alguma indica\u00e7\u00e3o de at\u00e9 quando o Banco Central (BC) pretende manter a Taxa Selic (juros b\u00e1sicos da economia) em&nbsp;<a href=\"https:\/\/agenciabrasil.ebc.com.br\/economia\/noticia\/2024-06\/copom-interrompe-cortes-e-mantem-juros-basicos-em-105-ao-ano\" target=\"_blank\" rel=\"noreferrer noopener\">10,5% ao ano<\/a>.<\/p>\n","protected":false},"excerpt":{"rendered":"<p>Num dia de al\u00edvio no mercado financeiro, o d\u00f3lar fechou abaixo de R$ 5,40 pela primeira vez em dez dias. A bolsa subiu mais de 1% e recuperou os 122 mil pontos. O d\u00f3lar comercial encerrou esta segunda-feira (24) vendido a R$ 5,391, com queda de R$ 0,05 (-0,92%). A cota\u00e7\u00e3o abriu est\u00e1vel, mas recuou [&hellip;]<\/p>\n","protected":false},"author":3,"featured_media":2579,"comment_status":"open","ping_status":"open","sticky":false,"template":"","format":"standard","meta":{"footnotes":""},"categories":[135],"tags":[],"class_list":{"0":"post-2578","1":"post","2":"type-post","3":"status-publish","4":"format-standard","5":"has-post-thumbnail","7":"category-cambio"},"_links":{"self":[{"href":"https:\/\/revistavalorenegocios.com\/index.php?rest_route=\/wp\/v2\/posts\/2578","targetHints":{"allow":["GET"]}}],"collection":[{"href":"https:\/\/revistavalorenegocios.com\/index.php?rest_route=\/wp\/v2\/posts"}],"about":[{"href":"https:\/\/revistavalorenegocios.com\/index.php?rest_route=\/wp\/v2\/types\/post"}],"author":[{"embeddable":true,"href":"https:\/\/revistavalorenegocios.com\/index.php?rest_route=\/wp\/v2\/users\/3"}],"replies":[{"embeddable":true,"href":"https:\/\/revistavalorenegocios.com\/index.php?rest_route=%2Fwp%2Fv2%2Fcomments&post=2578"}],"version-history":[{"count":2,"href":"https:\/\/revistavalorenegocios.com\/index.php?rest_route=\/wp\/v2\/posts\/2578\/revisions"}],"predecessor-version":[{"id":2585,"href":"https:\/\/revistavalorenegocios.com\/index.php?rest_route=\/wp\/v2\/posts\/2578\/revisions\/2585"}],"wp:featuredmedia":[{"embeddable":true,"href":"https:\/\/revistavalorenegocios.com\/index.php?rest_route=\/wp\/v2\/media\/2579"}],"wp:attachment":[{"href":"https:\/\/revistavalorenegocios.com\/index.php?rest_route=%2Fwp%2Fv2%2Fmedia&parent=2578"}],"wp:term":[{"taxonomy":"category","embeddable":true,"href":"https:\/\/revistavalorenegocios.com\/index.php?rest_route=%2Fwp%2Fv2%2Fcategories&post=2578"},{"taxonomy":"post_tag","embeddable":true,"href":"https:\/\/revistavalorenegocios.com\/index.php?rest_route=%2Fwp%2Fv2%2Ftags&post=2578"}],"curies":[{"name":"wp","href":"https:\/\/api.w.org\/{rel}","templated":true}]}}