{"id":2581,"date":"2024-06-24T08:29:00","date_gmt":"2024-06-24T08:29:00","guid":{"rendered":"https:\/\/revistavalorenegocios.com\/?p=2581"},"modified":"2024-06-26T03:30:11","modified_gmt":"2024-06-26T03:30:11","slug":"consumo-de-eletricidade-do-pais-aumenta-73-no-primeiro-trimestre","status":"publish","type":"post","link":"https:\/\/revistavalorenegocios.com\/?p=2581","title":{"rendered":"Consumo de eletricidade do pa\u00eds aumenta 7,3% no primeiro trimestre"},"content":{"rendered":"\n<p>O consumo de eletricidade do pa\u00eds aumentou 7,3% no primeiro trimestre de 2024 na compara\u00e7\u00e3o com o mesmo per\u00edodo do ano passado. O maior \u00edndice de aumento, 12,3%, foi na&nbsp;classe residencial. As classes comercial e industrial tamb\u00e9m tiveram expans\u00e3o relevante, de 8,4% e 3,8%, respectivamente.<img decoding=\"async\" src=\"https:\/\/agenciabrasil.ebc.com.br\/ebc.png?id=1601058&amp;o=node\"><img decoding=\"async\" src=\"https:\/\/agenciabrasil.ebc.com.br\/ebc.gif?id=1601058&amp;o=node\"><\/p>\n\n\n\n<p>Os dados constam do Boletim Trimestral de Consumo de Eletricidade da Empresa de Pesquisa Energ\u00e9tica (EPE).<\/p>\n\n\n\n<p>De janeiro a mar\u00e7o deste ano, o consumo de energia el\u00e9trica da classe comercial atingiu o maior valor trimestral desde o in\u00edcio da s\u00e9rie hist\u00f3rica da EPE em 2004: 26.942 Gwh e superou o recorde registrado no \u00faltimo trimestre do ano passado. A taxa de consumo de eletricidade da classe cresceu 8,4% nos tr\u00eas primeiros meses do ano em compara\u00e7\u00e3o com o mesmo trimestre de 2023.<br><br>O desempenho positivo do setor de com\u00e9rcio e servi\u00e7os e o calor e as altas temperaturas no pa\u00eds estimularam o aumento do consumo no primeiro trimestre de 2024.<\/p>\n\n\n\n<p>O consumo de energia el\u00e9trica das resid\u00eancias no pa\u00eds foi de 46.242 Gwh no primeiro trimestre de 2024, alta de 12,3% na compara\u00e7\u00e3o a igual per\u00edodo de 2023. Foi o maior valor de energia el\u00e9trica consumida pela classe num trimestre desde o in\u00edcio da s\u00e9rie hist\u00f3rica em 2004, superando o recorde do trimestre anterior.<br><br>A alta do consumo de energia el\u00e9trica da classe residencial no primeiro trimestre do ano foi, em grande parte, motivada pelas ondas de calor e pelas temperaturas acima da m\u00e9dia. Al\u00e9m disso, o aumento da posse de equipamentos de refrigera\u00e7\u00e3o desde o segundo semestre do ano passado, a eleva\u00e7\u00e3o do n\u00famero de consumidores residenciais e a melhora dos indicadores macroecon\u00f4micos como emprego e renda tamb\u00e9m favoreceram o crescimento do consumo da classe.<\/p>\n","protected":false},"excerpt":{"rendered":"<p>O consumo de eletricidade do pa\u00eds aumentou 7,3% no primeiro trimestre de 2024 na compara\u00e7\u00e3o com o mesmo per\u00edodo do ano passado. O maior \u00edndice de aumento, 12,3%, foi na&nbsp;classe residencial. As classes comercial e industrial tamb\u00e9m tiveram expans\u00e3o relevante, de 8,4% e 3,8%, respectivamente. Os dados constam do Boletim Trimestral de Consumo de Eletricidade [&hellip;]<\/p>\n","protected":false},"author":3,"featured_media":2582,"comment_status":"open","ping_status":"open","sticky":false,"template":"","format":"standard","meta":{"footnotes":""},"categories":[132],"tags":[],"class_list":{"0":"post-2581","1":"post","2":"type-post","3":"status-publish","4":"format-standard","5":"has-post-thumbnail","7":"category-energia"},"_links":{"self":[{"href":"https:\/\/revistavalorenegocios.com\/index.php?rest_route=\/wp\/v2\/posts\/2581","targetHints":{"allow":["GET"]}}],"collection":[{"href":"https:\/\/revistavalorenegocios.com\/index.php?rest_route=\/wp\/v2\/posts"}],"about":[{"href":"https:\/\/revistavalorenegocios.com\/index.php?rest_route=\/wp\/v2\/types\/post"}],"author":[{"embeddable":true,"href":"https:\/\/revistavalorenegocios.com\/index.php?rest_route=\/wp\/v2\/users\/3"}],"replies":[{"embeddable":true,"href":"https:\/\/revistavalorenegocios.com\/index.php?rest_route=%2Fwp%2Fv2%2Fcomments&post=2581"}],"version-history":[{"count":1,"href":"https:\/\/revistavalorenegocios.com\/index.php?rest_route=\/wp\/v2\/posts\/2581\/revisions"}],"predecessor-version":[{"id":2583,"href":"https:\/\/revistavalorenegocios.com\/index.php?rest_route=\/wp\/v2\/posts\/2581\/revisions\/2583"}],"wp:featuredmedia":[{"embeddable":true,"href":"https:\/\/revistavalorenegocios.com\/index.php?rest_route=\/wp\/v2\/media\/2582"}],"wp:attachment":[{"href":"https:\/\/revistavalorenegocios.com\/index.php?rest_route=%2Fwp%2Fv2%2Fmedia&parent=2581"}],"wp:term":[{"taxonomy":"category","embeddable":true,"href":"https:\/\/revistavalorenegocios.com\/index.php?rest_route=%2Fwp%2Fv2%2Fcategories&post=2581"},{"taxonomy":"post_tag","embeddable":true,"href":"https:\/\/revistavalorenegocios.com\/index.php?rest_route=%2Fwp%2Fv2%2Ftags&post=2581"}],"curies":[{"name":"wp","href":"https:\/\/api.w.org\/{rel}","templated":true}]}}