{"id":2598,"date":"2024-06-21T13:00:00","date_gmt":"2024-06-21T13:00:00","guid":{"rendered":"https:\/\/revistavalorenegocios.com\/?p=2598"},"modified":"2024-06-26T03:45:28","modified_gmt":"2024-06-26T03:45:28","slug":"intencao-de-consumo-das-familias-cresce-pelo-terceiro-mes","status":"publish","type":"post","link":"https:\/\/revistavalorenegocios.com\/?p=2598","title":{"rendered":"Inten\u00e7\u00e3o de consumo das fam\u00edlias cresce pelo terceiro m\u00eas"},"content":{"rendered":"\n<p>A Inten\u00e7\u00e3o de Consumo das Fam\u00edlias (ICF) cresceu 0,5% em junho deste ano, em rela\u00e7\u00e3o ao m\u00eas anterior. \u00c9 a terceira alta consecutiva do indicador, neste tipo de compara\u00e7\u00e3o, apesar de ter sido a menos intensa, segundo pesquisa divulgada nesta sexta-feira (21) pela Confedera\u00e7\u00e3o Nacional de Bens, Servi\u00e7os e Turismo (CNC).<\/p>\n\n\n\n<p>Na compara\u00e7\u00e3o com junho do ano passado, o crescimento da inten\u00e7\u00e3o de consumo chegou a 5,1%, de acordo com a CNC.<\/p>\n\n\n\n<p>Na compara\u00e7\u00e3o com maio, o crescimento do indicador foi puxado principalmente pelos componentes n\u00edvel de consumo atual (1,7%) e renda atual (1,5%). Tamb\u00e9m apresentaram alta perspectiva de consumo (0,9%), perspectiva profissional e momento para a compra de bens dur\u00e1veis (ambos com 0,5%), al\u00e9m de emprego atual (0,2%). O acesso ao cr\u00e9dito foi o \u00fanico componente que n\u00e3o cresceu e ficou est\u00e1vel.<\/p>\n\n\n\n<p>Em rela\u00e7\u00e3o a junho de 2023, a maior alta foi observada no momento para a compra de dur\u00e1veis (13,4%), seguido por renda atual (8,2%), n\u00edvel de consumo atual (8%), acesso ao cr\u00e9dito (5,9%), perspectiva de consumo (3,8%) e emprego atual (3,6%). A perspectiva profissional foi o \u00fanico componente a apresentar queda nesse tipo de compara\u00e7\u00e3o (-2,3%).<\/p>\n\n\n\n<p>No Rio Grande do Sul, a ICF apresentou quedas de 3,4% em rela\u00e7\u00e3o a maio e de 23,3% na compara\u00e7\u00e3o com junho do ano passado, devido ao evento clim\u00e1tico extremo que atingiu o estado recentemente. Todos os componentes apresentaram quedas nas duas compara\u00e7\u00f5es temporais.<\/p>\n\n\n\n<p>Fonte: Ag\u00eancia Brasil<\/p>\n","protected":false},"excerpt":{"rendered":"<p>A Inten\u00e7\u00e3o de Consumo das Fam\u00edlias (ICF) cresceu 0,5% em junho deste ano, em rela\u00e7\u00e3o ao m\u00eas anterior. \u00c9 a terceira alta consecutiva do indicador, neste tipo de compara\u00e7\u00e3o, apesar de ter sido a menos intensa, segundo pesquisa divulgada nesta sexta-feira (21) pela Confedera\u00e7\u00e3o Nacional de Bens, Servi\u00e7os e Turismo (CNC). Na compara\u00e7\u00e3o com junho [&hellip;]<\/p>\n","protected":false},"author":3,"featured_media":2600,"comment_status":"open","ping_status":"open","sticky":false,"template":"","format":"standard","meta":{"footnotes":""},"categories":[136],"tags":[],"class_list":{"0":"post-2598","1":"post","2":"type-post","3":"status-publish","4":"format-standard","5":"has-post-thumbnail","7":"category-desenvolvimento"},"_links":{"self":[{"href":"https:\/\/revistavalorenegocios.com\/index.php?rest_route=\/wp\/v2\/posts\/2598","targetHints":{"allow":["GET"]}}],"collection":[{"href":"https:\/\/revistavalorenegocios.com\/index.php?rest_route=\/wp\/v2\/posts"}],"about":[{"href":"https:\/\/revistavalorenegocios.com\/index.php?rest_route=\/wp\/v2\/types\/post"}],"author":[{"embeddable":true,"href":"https:\/\/revistavalorenegocios.com\/index.php?rest_route=\/wp\/v2\/users\/3"}],"replies":[{"embeddable":true,"href":"https:\/\/revistavalorenegocios.com\/index.php?rest_route=%2Fwp%2Fv2%2Fcomments&post=2598"}],"version-history":[{"count":1,"href":"https:\/\/revistavalorenegocios.com\/index.php?rest_route=\/wp\/v2\/posts\/2598\/revisions"}],"predecessor-version":[{"id":2601,"href":"https:\/\/revistavalorenegocios.com\/index.php?rest_route=\/wp\/v2\/posts\/2598\/revisions\/2601"}],"wp:featuredmedia":[{"embeddable":true,"href":"https:\/\/revistavalorenegocios.com\/index.php?rest_route=\/wp\/v2\/media\/2600"}],"wp:attachment":[{"href":"https:\/\/revistavalorenegocios.com\/index.php?rest_route=%2Fwp%2Fv2%2Fmedia&parent=2598"}],"wp:term":[{"taxonomy":"category","embeddable":true,"href":"https:\/\/revistavalorenegocios.com\/index.php?rest_route=%2Fwp%2Fv2%2Fcategories&post=2598"},{"taxonomy":"post_tag","embeddable":true,"href":"https:\/\/revistavalorenegocios.com\/index.php?rest_route=%2Fwp%2Fv2%2Ftags&post=2598"}],"curies":[{"name":"wp","href":"https:\/\/api.w.org\/{rel}","templated":true}]}}