{"id":2616,"date":"2024-06-19T23:58:00","date_gmt":"2024-06-19T23:58:00","guid":{"rendered":"https:\/\/revistavalorenegocios.com\/?p=2616"},"modified":"2024-06-26T09:54:05","modified_gmt":"2024-06-26T09:54:05","slug":"lula-lamenta-eletrobras-privada-e-cobra-vale-para-reparar-tragedias","status":"publish","type":"post","link":"https:\/\/revistavalorenegocios.com\/?p=2616","title":{"rendered":"Lula lamenta Eletrobras privada e cobra Vale para reparar trag\u00e9dias"},"content":{"rendered":"\n<p>Durante cerim\u00f4nia realizada nesta quarta-feira (20) para a\u00a0<a href=\"https:\/\/agenciabrasil.ebc.com.br\/economia\/noticia\/2024-06\/em-posse-magda-diz-que-petroleo-vai-financiar-transicao-energetica\" target=\"_blank\" rel=\"noreferrer noopener\">posse de Magda Chambriard\u00a0na presid\u00eancia da Petrobras<\/a>, o presidente Luiz\u00a0In\u00e1cio Lula da Silva criticou as privatiza\u00e7\u00f5es de grandes empresas do pa\u00eds. Ele citou diretamente a Eletrobras e a Vale. De acordo com o presidente, as duas poderiam estar atuando ao lado da Petrobras como indutoras da economia brasileira.<\/p>\n\n\n\n<p>A Eletrobras foi privatizada em 2022 pelo governo de Jair Bolsonaro. Na ocasi\u00e3o, foram emitidas novas a\u00e7\u00f5es, fazendo a participa\u00e7\u00e3o da Uni\u00e3o ser reduzida para menos de 50%. J\u00e1 a Vale foi vendida em 1997, quando o governo liderado por Fernando Henrique Cardoso negociou a\u00e7\u00f5es com um grupo de empresas privadas e fundos de pens\u00e3o.<\/p>\n\n\n\n<p>&#8220;A gente poderia estar melhor. A gente poderia ter aqui do nosso lado a Eletrobras, que era a maior empresa de energia do nosso pa\u00eds. A gente poderia ter do nosso lado a Vale que foi privatizada e rifada para diferentes fundos. E n\u00e3o tem um dono para voc\u00ea conversar&#8221;, disse.<\/p>\n\n\n\n<p>Lula criticou o comportamento da mineradora nos processos de repara\u00e7\u00e3o das trag\u00e9dias que ela protagonizou nos \u00faltimos anos em Minas Gerais. Em 2015, uma barragem da Samarco &#8211;&nbsp;joint-venture&nbsp;da Vale e da BHP Billiton &#8211; se rompeu em Mariana deixando 19 mortos e causando danos em munic\u00edpios por toda a bacia do Rio Doce. J\u00e1 em 2019, a cidade de Brumadinho testemunhou o maior acidente trabalhista do pa\u00eds. A ruptura de uma barragem da Vale, al\u00e9m dos impactos ambientais, custou 272 vidas, a maioria de&nbsp;empregados da pr\u00f3pria mineradora ou de empresas terceirizadas contratadas.<\/p>\n\n\n\n<p>O tema foi abordado pelo presidente em meio \u00e0s&nbsp;<a href=\"https:\/\/agenciabrasil.ebc.com.br\/geral\/noticia\/2024-06\/caso-samarco-atingidos-fazem-ato-contra-sigilo-envolvendo-novo-acordo\" target=\"_blank\" rel=\"noreferrer noopener\">tratativas para&nbsp;repactuar o acordo de repara\u00e7\u00e3o<\/a>&nbsp;da trag\u00e9dia ocorrida em 2015. O modelo implementado, envolvendo a cria\u00e7\u00e3o da Funda\u00e7\u00e3o Renova para gerir as medidas reparat\u00f3rias, \u00e9 considerado mal sucedido n\u00e3o apenas pelo governo federal, como tamb\u00e9m pelos governos mineiro e capixaba, pelo Minist\u00e9rio P\u00fablico e por entidades que representam os atingidos. Passados mais de oito anos, tramitam no Judici\u00e1rio brasileiro mais de 85 mil processos entre a\u00e7\u00f5es civis p\u00fablicas, a\u00e7\u00f5es coletivas e individuais.<\/p>\n\n\n\n<p>Em busca de uma solu\u00e7\u00e3o para esse passivo judicial, as negocia\u00e7\u00f5es para uma repactua\u00e7\u00e3o do acordo se arrastam h\u00e1 mais de dois anos. Um novo acordo tem esbarrado nos valores ofertados pelas mineradoras, considerados at\u00e9 o momento insuficientes. A \u00faltima proposta que elas apresentaram, em an\u00e1lise pelas demais partes, envolve a transfer\u00eancia de R$ 82 bilh\u00f5es aos governos em per\u00edodo de 20 anos, al\u00e9m de medidas a&nbsp;serem custeadas diretamente pelas mineradoras. A Uni\u00e3o e os estados de Minas Gerais e do Esp\u00edrito Santo, no entanto, pediram em sua \u00faltima manifesta\u00e7\u00e3o no processo o pagamento de R$ 109 bilh\u00f5es, com dep\u00f3sitos ao longo de 12 anos.<\/p>\n\n\n\n<p>&#8220;Quando eu digo que n\u00e3o h\u00e1 dono para conversar \u00e9 porque, desde os desastres das barragens de Mariana e de Brumadinho, n\u00e3o foi paga a indeniza\u00e7\u00e3o daquele povo. Eles est\u00e3o esperando casas e o ressarcimento do estrago. Uma empresa boa e grande precisa ter algu\u00e9m respons\u00e1vel para que as coisas possam funcionar corretamente. Minha m\u00e3e dizia que cachorro com muito dono morre de fome porque todo mundo pensa que o outro deu comida e no final ningu\u00e9m d\u00e1 comida pra ele. Ent\u00e3o uma empresa onde ningu\u00e9m manda, muitas vezes, n\u00e3o cumpre aquele papel social que \u00e9 importante cumprir&#8221;, disse Lula.<\/p>\n","protected":false},"excerpt":{"rendered":"<p>Durante cerim\u00f4nia realizada nesta quarta-feira (20) para a\u00a0posse de Magda Chambriard\u00a0na presid\u00eancia da Petrobras, o presidente Luiz\u00a0In\u00e1cio Lula da Silva criticou as privatiza\u00e7\u00f5es de grandes empresas do pa\u00eds. Ele citou diretamente a Eletrobras e a Vale. De acordo com o presidente, as duas poderiam estar atuando ao lado da Petrobras como indutoras da economia brasileira. [&hellip;]<\/p>\n","protected":false},"author":3,"featured_media":2623,"comment_status":"open","ping_status":"open","sticky":false,"template":"","format":"standard","meta":{"footnotes":""},"categories":[132],"tags":[],"class_list":{"0":"post-2616","1":"post","2":"type-post","3":"status-publish","4":"format-standard","5":"has-post-thumbnail","7":"category-energia"},"_links":{"self":[{"href":"https:\/\/revistavalorenegocios.com\/index.php?rest_route=\/wp\/v2\/posts\/2616","targetHints":{"allow":["GET"]}}],"collection":[{"href":"https:\/\/revistavalorenegocios.com\/index.php?rest_route=\/wp\/v2\/posts"}],"about":[{"href":"https:\/\/revistavalorenegocios.com\/index.php?rest_route=\/wp\/v2\/types\/post"}],"author":[{"embeddable":true,"href":"https:\/\/revistavalorenegocios.com\/index.php?rest_route=\/wp\/v2\/users\/3"}],"replies":[{"embeddable":true,"href":"https:\/\/revistavalorenegocios.com\/index.php?rest_route=%2Fwp%2Fv2%2Fcomments&post=2616"}],"version-history":[{"count":1,"href":"https:\/\/revistavalorenegocios.com\/index.php?rest_route=\/wp\/v2\/posts\/2616\/revisions"}],"predecessor-version":[{"id":2624,"href":"https:\/\/revistavalorenegocios.com\/index.php?rest_route=\/wp\/v2\/posts\/2616\/revisions\/2624"}],"wp:featuredmedia":[{"embeddable":true,"href":"https:\/\/revistavalorenegocios.com\/index.php?rest_route=\/wp\/v2\/media\/2623"}],"wp:attachment":[{"href":"https:\/\/revistavalorenegocios.com\/index.php?rest_route=%2Fwp%2Fv2%2Fmedia&parent=2616"}],"wp:term":[{"taxonomy":"category","embeddable":true,"href":"https:\/\/revistavalorenegocios.com\/index.php?rest_route=%2Fwp%2Fv2%2Fcategories&post=2616"},{"taxonomy":"post_tag","embeddable":true,"href":"https:\/\/revistavalorenegocios.com\/index.php?rest_route=%2Fwp%2Fv2%2Ftags&post=2616"}],"curies":[{"name":"wp","href":"https:\/\/api.w.org\/{rel}","templated":true}]}}