{"id":2629,"date":"2024-06-20T20:00:00","date_gmt":"2024-06-20T20:00:00","guid":{"rendered":"https:\/\/revistavalorenegocios.com\/?p=2629"},"modified":"2024-06-26T10:01:46","modified_gmt":"2024-06-26T10:01:46","slug":"dolar-sobe-para-r-546-e-fecha-no-maior-nivel-do-governo-lula","status":"publish","type":"post","link":"https:\/\/revistavalorenegocios.com\/?p=2629","title":{"rendered":"D\u00f3lar sobe para R$ 5,46 e fecha no maior n\u00edvel do governo Lula"},"content":{"rendered":"\n<p>O fim dos cortes da Taxa Selic (juros b\u00e1sicos da economia) acalmou pouco o mercado financeiro. O d\u00f3lar subiu pela quinta vez seguida e atingiu o maior valor durante o governo do presidente Luiz In\u00e1cio Lula da Silva. A bolsa de valores iniciou o dia em alta, mas perdeu for\u00e7a e fechou praticamente est\u00e1vel.<\/p>\n\n\n\n<p>O d\u00f3lar comercial encerrou esta quinta-feira (20) vendido a R$ 5,462, com alta de R$ 0,02 (+0,38%). A cota\u00e7\u00e3o come\u00e7ou o dia em baixa, chegando a R$ 5,39 por volta das 9h30, mas inverteu o movimento. Al\u00e9m da alta no exterior, a moeda norte-americana foi pressionada pela entrevista em que o presidente Lula&nbsp;<a href=\"https:\/\/agenciabrasil.ebc.com.br\/politica\/noticia\/2024-06\/lula-lamenta-manutencao-da-taxa-basica-de-juros\" target=\"_blank\" rel=\"noreferrer noopener\">lamentou&nbsp;<\/a>a decis\u00e3o do Banco Central de manter a Selic em 10,5% ao ano.<\/p>\n\n\n\n<p>Com a alta de hoje, o d\u00f3lar atingiu o mais alto n\u00edvel desde 22 de julho de 2022, quando tinha fechado a R$ 5,49. A divisa acumula alta de 4,06% em junho e de 12,55% em 2024.<\/p>\n\n\n\n<p>No mercado de a\u00e7\u00f5es, o dia foi marcado pela volatilidade. O \u00edndice Ibovespa, da B3, fechou aos 120.446 pontos, com alta de 0,15%. Apesar da alta das&nbsp;<em>commodities<\/em>&nbsp;(bens prim\u00e1rios com cota\u00e7\u00e3o internacional) ter impulsionado a\u00e7\u00f5es de petroleiras e de mineradoras, o mercado foi afetado pela expectativa de que os juros altos estimulem a migra\u00e7\u00e3o de investidores da bolsa para a renda fixa, aplica\u00e7\u00e3o menos arriscada.<\/p>\n\n\n\n<p>Na reuni\u00e3o de ontem (19), o Comit\u00ea de Pol\u00edtica Monet\u00e1ria (Copom) do Banco Central (BC)&nbsp;<a href=\"https:\/\/agenciabrasil.ebc.com.br\/politica\/noticia\/2024-06\/lula-lamenta-manutencao-da-taxa-basica-de-juros\" target=\"_blank\" rel=\"noreferrer noopener\">encerrou<\/a>&nbsp;o ciclo de cortes na Taxa Selic e manteve os juros b\u00e1sicos da economia em 10,5% ao ano, indicando que n\u00e3o deve mexer na taxa nas pr\u00f3ximas reuni\u00f5es. As declara\u00e7\u00f5es de Lula, no entanto, trouxeram instabilidade ao mercado financeiro por indicar a possibilidade de o pr\u00f3ximo presidente do Banco Central sofrer interfer\u00eancias do Pal\u00e1cio do Planalto, apesar da autonomia formal da autoridade monet\u00e1ria.<\/p>\n\n\n\n<p>A alta do d\u00f3lar, no entanto, n\u00e3o se deveu apenas a fatores dom\u00e9sticos. No dia seguinte a um feriado nos Estados Unidos, as taxas dos t\u00edtulos do Tesouro norte-americano, considerados os investimentos mais seguros do planeta, voltaram a subir. Juros altos em economias avan\u00e7adas estimulam a migra\u00e7\u00e3o de capitais de pa\u00edses emergentes, como o Brasil.<\/p>\n","protected":false},"excerpt":{"rendered":"<p>O fim dos cortes da Taxa Selic (juros b\u00e1sicos da economia) acalmou pouco o mercado financeiro. O d\u00f3lar subiu pela quinta vez seguida e atingiu o maior valor durante o governo do presidente Luiz In\u00e1cio Lula da Silva. A bolsa de valores iniciou o dia em alta, mas perdeu for\u00e7a e fechou praticamente est\u00e1vel. O [&hellip;]<\/p>\n","protected":false},"author":3,"featured_media":2630,"comment_status":"open","ping_status":"open","sticky":false,"template":"","format":"standard","meta":{"footnotes":""},"categories":[135],"tags":[],"class_list":{"0":"post-2629","1":"post","2":"type-post","3":"status-publish","4":"format-standard","5":"has-post-thumbnail","7":"category-cambio"},"_links":{"self":[{"href":"https:\/\/revistavalorenegocios.com\/index.php?rest_route=\/wp\/v2\/posts\/2629","targetHints":{"allow":["GET"]}}],"collection":[{"href":"https:\/\/revistavalorenegocios.com\/index.php?rest_route=\/wp\/v2\/posts"}],"about":[{"href":"https:\/\/revistavalorenegocios.com\/index.php?rest_route=\/wp\/v2\/types\/post"}],"author":[{"embeddable":true,"href":"https:\/\/revistavalorenegocios.com\/index.php?rest_route=\/wp\/v2\/users\/3"}],"replies":[{"embeddable":true,"href":"https:\/\/revistavalorenegocios.com\/index.php?rest_route=%2Fwp%2Fv2%2Fcomments&post=2629"}],"version-history":[{"count":1,"href":"https:\/\/revistavalorenegocios.com\/index.php?rest_route=\/wp\/v2\/posts\/2629\/revisions"}],"predecessor-version":[{"id":2631,"href":"https:\/\/revistavalorenegocios.com\/index.php?rest_route=\/wp\/v2\/posts\/2629\/revisions\/2631"}],"wp:featuredmedia":[{"embeddable":true,"href":"https:\/\/revistavalorenegocios.com\/index.php?rest_route=\/wp\/v2\/media\/2630"}],"wp:attachment":[{"href":"https:\/\/revistavalorenegocios.com\/index.php?rest_route=%2Fwp%2Fv2%2Fmedia&parent=2629"}],"wp:term":[{"taxonomy":"category","embeddable":true,"href":"https:\/\/revistavalorenegocios.com\/index.php?rest_route=%2Fwp%2Fv2%2Fcategories&post=2629"},{"taxonomy":"post_tag","embeddable":true,"href":"https:\/\/revistavalorenegocios.com\/index.php?rest_route=%2Fwp%2Fv2%2Ftags&post=2629"}],"curies":[{"name":"wp","href":"https:\/\/api.w.org\/{rel}","templated":true}]}}