{"id":4472,"date":"2025-01-27T21:44:52","date_gmt":"2025-01-27T21:44:52","guid":{"rendered":"https:\/\/revistavalorenegocios.com\/?p=4472"},"modified":"2025-01-28T21:46:01","modified_gmt":"2025-01-28T21:46:01","slug":"mais-de-723-mil-empresas-pedem-para-entrar-no-simples-nacional","status":"publish","type":"post","link":"https:\/\/revistavalorenegocios.com\/?p=4472","title":{"rendered":"Mais de 723 mil empresas pedem para entrar no Simples Nacional"},"content":{"rendered":"\n<p>A quatro dias do fim do prazo, mais de 723 mil micro e pequenas empresas pediram a ades\u00e3o ao Simples Nacional, informou nesta segunda-feira (27) a Receita Federal. O prazo de ades\u00e3o ao regime especial para pequenos neg\u00f3cios\u00a0acaba na\u00a0sexta-feira (31).<img decoding=\"async\" src=\"https:\/\/agenciabrasil.ebc.com.br\/ebc.png?id=1628118&amp;o=node\"><img decoding=\"async\" src=\"https:\/\/agenciabrasil.ebc.com.br\/ebc.gif?id=1628118&amp;o=node\"><\/p>\n\n\n\n<p>At\u00e9 esta segunda, 723.684 micro e pequenas empresas pediram a inclus\u00e3o no Simples Nacional. Desse total, 468.415 precisam regularizar pend\u00eancias para fazer parte do regime e 225.269 est\u00e3o com as obriga\u00e7\u00f5es em dia e constam como optantes do Simples desde 1\u00ba de janeiro.<\/p>\n\n\n\n<p>Quem n\u00e3o quitar as pend\u00eancias ser\u00e1 definitivamente exclu\u00eddo do regime e s\u00f3 poder\u00e1 pedir a ades\u00e3o ao Simples no pr\u00f3ximo ano. As micro e pequenas empresas em atraso com o Simples Nacional j\u00e1 foram exclu\u00eddas em 1\u00ba de janeiro, mas ainda\u00a0podem pedir o reingresso, desde que resolvam as obriga\u00e7\u00f5es.<\/p>\n\n\n\n<p>O devedor pode pagar \u00e0 vista, abater parte da d\u00edvida com cr\u00e9ditos tribut\u00e1rios (recursos que a empresa tem direito a receber do Fisco) ou parcelar os d\u00e9bitos em at\u00e9 cinco anos com o pagamento de juros e multa. O parcelamento pode ser feito pelo Portal do Simples Nacional ou no Centro Virtual de Atendimento da Receita (e-CAC), no servi\u00e7o \u201cParcelamento \u2013 Simples Nacional\u201d, para as micro e pequenas empresas, e \u201cParcelamento \u2013 Simei, para os microempreendedores individuais (MEI).<\/p>\n\n\n\n<p>O<a href=\"https:\/\/www8.receita.fazenda.gov.br\/SimplesNacional\/Servicos\/Grupo.aspx?grp=t&amp;area=1\" target=\"_blank\" rel=\"noreferrer noopener\">&nbsp;acesso ao Portal do Simples Nacional&nbsp;<\/a>e ao e-CAC \u00e9 feito com certificado digital ou com conta no Portal Gov.br n\u00edvel prata ou ouro. A empresa ou o MEI que n\u00e3o concordar com a d\u00edvida e quiser contestar o Termo de Exclus\u00e3o dever\u00e1 dirigir a<a href=\"https:\/\/www.gov.br\/pt-br\/servicos\/impugnar-exclusao-do-simples-nacional-pela-receita-federal\" target=\"_blank\" rel=\"noreferrer noopener\">&nbsp;contesta\u00e7\u00e3o<\/a>&nbsp;ao Delegado de Julgamento da Receita Federal, protocolada via internet, conforme orientado no&nbsp;<em>site<\/em>&nbsp;do \u00f3rg\u00e3o.<\/p>\n\n\n\n<h2 class=\"wp-block-heading\">Notifica\u00e7\u00f5es<\/h2>\n\n\n\n<p>De 30 de setembro a 4 de outubro, a Receita notificou 1.121.419 MEI e 754.915 micro e pequenas empresas que deviam R$ 26,5 bilh\u00f5es ao Simples Nacional. Segundo a Receita Federal, as principais irregularidades s\u00e3o falta de documentos, excesso de faturamento, d\u00e9bitos tribut\u00e1rios, parcelamentos pendentes ou o exerc\u00edcio pela empresa de atividades n\u00e3o inclu\u00eddas no Simples Nacional.<\/p>\n\n\n\n<p>Periodicamente, a Receita verifica se as empresas est\u00e3o de acordo com as condi\u00e7\u00f5es de enquadramento no Simples Nacional. Quando o estabelecimento apresenta irregularidades, o \u00f3rg\u00e3o envia cartas com o aviso de exclus\u00e3o. O micro e pequeno empres\u00e1rio que ainda n\u00e3o regularizou as pend\u00eancias pede pedir orienta\u00e7\u00f5es ao Servi\u00e7o Brasileiro de Apoio \u00e0s Micro e Pequenas Empresas (Sebrae), para elaborar um plano de recupera\u00e7\u00e3o dos neg\u00f3cios.<\/p>\n","protected":false},"excerpt":{"rendered":"<p>A quatro dias do fim do prazo, mais de 723 mil micro e pequenas empresas pediram a ades\u00e3o ao Simples Nacional, informou nesta segunda-feira (27) a Receita Federal. O prazo de ades\u00e3o ao regime especial para pequenos neg\u00f3cios\u00a0acaba na\u00a0sexta-feira (31). At\u00e9 esta segunda, 723.684 micro e pequenas empresas pediram a inclus\u00e3o no Simples Nacional. Desse [&hellip;]<\/p>\n","protected":false},"author":3,"featured_media":4473,"comment_status":"open","ping_status":"open","sticky":false,"template":"","format":"standard","meta":{"footnotes":""},"categories":[134],"tags":[],"class_list":{"0":"post-4472","1":"post","2":"type-post","3":"status-publish","4":"format-standard","5":"has-post-thumbnail","7":"category-brasil"},"_links":{"self":[{"href":"https:\/\/revistavalorenegocios.com\/index.php?rest_route=\/wp\/v2\/posts\/4472","targetHints":{"allow":["GET"]}}],"collection":[{"href":"https:\/\/revistavalorenegocios.com\/index.php?rest_route=\/wp\/v2\/posts"}],"about":[{"href":"https:\/\/revistavalorenegocios.com\/index.php?rest_route=\/wp\/v2\/types\/post"}],"author":[{"embeddable":true,"href":"https:\/\/revistavalorenegocios.com\/index.php?rest_route=\/wp\/v2\/users\/3"}],"replies":[{"embeddable":true,"href":"https:\/\/revistavalorenegocios.com\/index.php?rest_route=%2Fwp%2Fv2%2Fcomments&post=4472"}],"version-history":[{"count":1,"href":"https:\/\/revistavalorenegocios.com\/index.php?rest_route=\/wp\/v2\/posts\/4472\/revisions"}],"predecessor-version":[{"id":4474,"href":"https:\/\/revistavalorenegocios.com\/index.php?rest_route=\/wp\/v2\/posts\/4472\/revisions\/4474"}],"wp:featuredmedia":[{"embeddable":true,"href":"https:\/\/revistavalorenegocios.com\/index.php?rest_route=\/wp\/v2\/media\/4473"}],"wp:attachment":[{"href":"https:\/\/revistavalorenegocios.com\/index.php?rest_route=%2Fwp%2Fv2%2Fmedia&parent=4472"}],"wp:term":[{"taxonomy":"category","embeddable":true,"href":"https:\/\/revistavalorenegocios.com\/index.php?rest_route=%2Fwp%2Fv2%2Fcategories&post=4472"},{"taxonomy":"post_tag","embeddable":true,"href":"https:\/\/revistavalorenegocios.com\/index.php?rest_route=%2Fwp%2Fv2%2Ftags&post=4472"}],"curies":[{"name":"wp","href":"https:\/\/api.w.org\/{rel}","templated":true}]}}