{"id":4487,"date":"2025-01-24T21:58:16","date_gmt":"2025-01-24T21:58:16","guid":{"rendered":"https:\/\/revistavalorenegocios.com\/?p=4487"},"modified":"2025-01-28T21:59:30","modified_gmt":"2025-01-28T21:59:30","slug":"dolar-cai-para-r-591-e-registra-maior-queda-semanal-desde-agosto","status":"publish","type":"post","link":"https:\/\/revistavalorenegocios.com\/?p=4487","title":{"rendered":"D\u00f3lar cai para R$ 5,91 e registra maior queda semanal desde agosto"},"content":{"rendered":"\n<p>Em mais um dia de al\u00edvio no mercado financeiro, o d\u00f3lar caiu pela quinta vez seguida e teve o maior recuo semanal desde agosto. A bolsa de valores alternou altas e baixas, mas fechou est\u00e1vel ap\u00f3s a divulga\u00e7\u00e3o da pr\u00e9via da infla\u00e7\u00e3o de janeiro.<img decoding=\"async\" src=\"https:\/\/agenciabrasil.ebc.com.br\/ebc.png?id=1627853&amp;o=node\"><img decoding=\"async\" src=\"https:\/\/agenciabrasil.ebc.com.br\/ebc.gif?id=1627853&amp;o=node\"><\/p>\n\n\n\n<p>O d\u00f3lar comercial encerrou esta sexta-feira (24) vendido a R$ 5,918, com queda de R$ 0,008 (-0,13%). A cota\u00e7\u00e3o caiu at\u00e9 o in\u00edcio da tarde, quando chegou a R$ 5,86 por volta das 14h, mas diminuiu a queda a partir desse hor\u00e1rio, com investidores aproveitando o pre\u00e7o baixo para comprar d\u00f3lares. Perto do fim da sess\u00e3o, o c\u00e2mbio fechou pr\u00f3ximo da estabilidade.<\/p>\n\n\n\n<p>A moeda norte-americana est\u00e1 no menor n\u00edvel desde 27 de novembro. A divisa caiu 2,42% na semana, o maior recuo para cinco dias \u00fateis desde a semana encerrada em 9 de agosto.<\/p>\n\n\n\n<p>O mercado de a\u00e7\u00f5es teve um dia mais vol\u00e1til. O \u00edndice Ibovespa, da B3, fechou aos 122.447 pontos, com queda de apenas 0,03%. O indicador mudou de dire\u00e7\u00e3o diversas vezes ao longo do dia, mas encerrou em terreno negativo com a alta dos juros no mercado futuro.<\/p>\n\n\n\n<p>Tanto fatores dom\u00e9sticos como internacionais influenciaram o mercado nesta sexta. No cen\u00e1rio interno, a divulga\u00e7\u00e3o de que o \u00cdndice Nacional de Pre\u00e7os ao Consumidor Amplo-15 (IPCA-15)&nbsp;<a href=\"https:\/\/agenciabrasil.ebc.com.br\/economia\/noticia\/2025-01\/previa-da-inflacao-desacelera-e-fica-em-011-em-janeiro-diz-ibge\" target=\"_blank\" rel=\"noreferrer noopener\">desacelerou para 0,11%<\/a>&nbsp;em janeiro provocou a queda da bolsa.<\/p>\n\n\n\n<p>Apesar de a pr\u00e9via da infla\u00e7\u00e3o oficial ter registrado o menor n\u00edvel para meses de janeiro desde a cria\u00e7\u00e3o do real, o \u00edndice veio acima das expectativas, com as institui\u00e7\u00f5es financeiras esperando infla\u00e7\u00e3o zero para o m\u00eas. Isso aumentou as chances de o Banco Central (BC) aumentar a taxa Selic (juros b\u00e1sicos da economia) al\u00e9m do previsto, o que desestimula investimentos na bolsa de valores.<\/p>\n\n\n\n<p>No cen\u00e1rio internacional, no entanto, o d\u00f3lar caiu em todo o planeta ap\u00f3s o novo presidente norte-americano, Donald Trump, anunciar a possibilidade de um acordo comercial com a China ap\u00f3s uma conversa com o presidente chin\u00eas, Xi Jingping. A revela\u00e7\u00e3o, feita em entrevista \u00e0 emissora americana Fox News, acalmou o mercado global, ao reduzir a chance de tarifa\u00e7o do novo governo dos Estados Unidos.<\/p>\n\n\n\n<p><em>*Com informa\u00e7\u00f5es da Reuters<\/em><\/p>\n\n\n\n<p><\/p>\n","protected":false},"excerpt":{"rendered":"<p>Em mais um dia de al\u00edvio no mercado financeiro, o d\u00f3lar caiu pela quinta vez seguida e teve o maior recuo semanal desde agosto. A bolsa de valores alternou altas e baixas, mas fechou est\u00e1vel ap\u00f3s a divulga\u00e7\u00e3o da pr\u00e9via da infla\u00e7\u00e3o de janeiro. O d\u00f3lar comercial encerrou esta sexta-feira (24) vendido a R$ 5,918, [&hellip;]<\/p>\n","protected":false},"author":3,"featured_media":4488,"comment_status":"open","ping_status":"open","sticky":false,"template":"","format":"standard","meta":{"footnotes":""},"categories":[135],"tags":[],"class_list":{"0":"post-4487","1":"post","2":"type-post","3":"status-publish","4":"format-standard","5":"has-post-thumbnail","7":"category-cambio"},"_links":{"self":[{"href":"https:\/\/revistavalorenegocios.com\/index.php?rest_route=\/wp\/v2\/posts\/4487","targetHints":{"allow":["GET"]}}],"collection":[{"href":"https:\/\/revistavalorenegocios.com\/index.php?rest_route=\/wp\/v2\/posts"}],"about":[{"href":"https:\/\/revistavalorenegocios.com\/index.php?rest_route=\/wp\/v2\/types\/post"}],"author":[{"embeddable":true,"href":"https:\/\/revistavalorenegocios.com\/index.php?rest_route=\/wp\/v2\/users\/3"}],"replies":[{"embeddable":true,"href":"https:\/\/revistavalorenegocios.com\/index.php?rest_route=%2Fwp%2Fv2%2Fcomments&post=4487"}],"version-history":[{"count":1,"href":"https:\/\/revistavalorenegocios.com\/index.php?rest_route=\/wp\/v2\/posts\/4487\/revisions"}],"predecessor-version":[{"id":4489,"href":"https:\/\/revistavalorenegocios.com\/index.php?rest_route=\/wp\/v2\/posts\/4487\/revisions\/4489"}],"wp:featuredmedia":[{"embeddable":true,"href":"https:\/\/revistavalorenegocios.com\/index.php?rest_route=\/wp\/v2\/media\/4488"}],"wp:attachment":[{"href":"https:\/\/revistavalorenegocios.com\/index.php?rest_route=%2Fwp%2Fv2%2Fmedia&parent=4487"}],"wp:term":[{"taxonomy":"category","embeddable":true,"href":"https:\/\/revistavalorenegocios.com\/index.php?rest_route=%2Fwp%2Fv2%2Fcategories&post=4487"},{"taxonomy":"post_tag","embeddable":true,"href":"https:\/\/revistavalorenegocios.com\/index.php?rest_route=%2Fwp%2Fv2%2Ftags&post=4487"}],"curies":[{"name":"wp","href":"https:\/\/api.w.org\/{rel}","templated":true}]}}