{"id":4490,"date":"2025-01-24T22:01:06","date_gmt":"2025-01-24T22:01:06","guid":{"rendered":"https:\/\/revistavalorenegocios.com\/?p=4490"},"modified":"2025-01-28T22:02:08","modified_gmt":"2025-01-28T22:02:08","slug":"brasileiros-demoram-a-fazer-plano-financeiro-para-aposentadoria","status":"publish","type":"post","link":"https:\/\/revistavalorenegocios.com\/?p=4490","title":{"rendered":"Brasileiros demoram a fazer plano financeiro para aposentadoria"},"content":{"rendered":"\n<p>Pesquisa nacional feita pela Serasa mostra que a maioria dos brasileiros (60%) iniciam o planejamento financeiro para a aposentadoria com apenas cinco anos de anteced\u00eancia. O levantamento, divulgado nesta sexta-feira (24), foi produzido pelo Instituto Opinion Box e ouviu 1.052 pessoas aposentadas ou prestes a se aposentar, em janeiro de 2025.<img decoding=\"async\" src=\"https:\/\/agenciabrasil.ebc.com.br\/ebc.png?id=1627843&amp;o=node\"><img decoding=\"async\" src=\"https:\/\/agenciabrasil.ebc.com.br\/ebc.gif?id=1627843&amp;o=node\"><\/p>\n\n\n\n<p>A pesquisa revelou tamb\u00e9m que 37% dos aposentados admitem que n\u00e3o se planejaram financeiramente para parar de trabalhar e 53% precisaram continuar trabalhando para complementar a renda. Dentre os que se planejaram, 70% passaram a complementar o sal\u00e1rio com outra renda cinco anos antes de se aposentar.<\/p>\n\n\n\n<p>Segundo o levantamento, entre os aposentados, 48% dizem sentir instabilidade financeira; 45%, ter grande receio de endividamento; e 64%, n\u00e3o considerar o valor da aposentadoria suficiente para manter o padr\u00e3o de vida.<\/p>\n\n\n\n<p>A pesquisa da Serasa mostra ainda que a alimenta\u00e7\u00e3o \u00e9 o maior gasto de quem j\u00e1 se aposentou, e os custos com a sa\u00fade est\u00e3o em segundo lugar: 60% dos aposentados j\u00e1 precisaram buscar cr\u00e9dito ou empr\u00e9stimo para auxiliar nessas despesas consideradas essenciais.<\/p>\n\n\n\n<p>\u201c\u00c9 fundamental que o trabalhador prestes a se aposentar se planeje financeiramente, prevendo os poss\u00edveis ganhos e gastos que devem ocorrer ao longo dos anos, principalmente, para aqueles que desejam parar de trabalhar logo ap\u00f3s come\u00e7arem a receber o benef\u00edcio\u201d, destaca o especialista da Serasa em educa\u00e7\u00e3o financeira, Thiago Ramos.<\/p>\n\n\n\n<p>\u201cPara quem j\u00e1 se aposentou, mas ainda possui dificuldades, o ideal \u00e9 criar um controle financeiro e estabelecer um fluxo de acordo com a sua realidade\u201d, orientou.<\/p>\n","protected":false},"excerpt":{"rendered":"<p>Pesquisa nacional feita pela Serasa mostra que a maioria dos brasileiros (60%) iniciam o planejamento financeiro para a aposentadoria com apenas cinco anos de anteced\u00eancia. O levantamento, divulgado nesta sexta-feira (24), foi produzido pelo Instituto Opinion Box e ouviu 1.052 pessoas aposentadas ou prestes a se aposentar, em janeiro de 2025. A pesquisa revelou tamb\u00e9m [&hellip;]<\/p>\n","protected":false},"author":3,"featured_media":4491,"comment_status":"open","ping_status":"open","sticky":false,"template":"","format":"standard","meta":{"footnotes":""},"categories":[134],"tags":[],"class_list":{"0":"post-4490","1":"post","2":"type-post","3":"status-publish","4":"format-standard","5":"has-post-thumbnail","7":"category-brasil"},"_links":{"self":[{"href":"https:\/\/revistavalorenegocios.com\/index.php?rest_route=\/wp\/v2\/posts\/4490","targetHints":{"allow":["GET"]}}],"collection":[{"href":"https:\/\/revistavalorenegocios.com\/index.php?rest_route=\/wp\/v2\/posts"}],"about":[{"href":"https:\/\/revistavalorenegocios.com\/index.php?rest_route=\/wp\/v2\/types\/post"}],"author":[{"embeddable":true,"href":"https:\/\/revistavalorenegocios.com\/index.php?rest_route=\/wp\/v2\/users\/3"}],"replies":[{"embeddable":true,"href":"https:\/\/revistavalorenegocios.com\/index.php?rest_route=%2Fwp%2Fv2%2Fcomments&post=4490"}],"version-history":[{"count":1,"href":"https:\/\/revistavalorenegocios.com\/index.php?rest_route=\/wp\/v2\/posts\/4490\/revisions"}],"predecessor-version":[{"id":4492,"href":"https:\/\/revistavalorenegocios.com\/index.php?rest_route=\/wp\/v2\/posts\/4490\/revisions\/4492"}],"wp:featuredmedia":[{"embeddable":true,"href":"https:\/\/revistavalorenegocios.com\/index.php?rest_route=\/wp\/v2\/media\/4491"}],"wp:attachment":[{"href":"https:\/\/revistavalorenegocios.com\/index.php?rest_route=%2Fwp%2Fv2%2Fmedia&parent=4490"}],"wp:term":[{"taxonomy":"category","embeddable":true,"href":"https:\/\/revistavalorenegocios.com\/index.php?rest_route=%2Fwp%2Fv2%2Fcategories&post=4490"},{"taxonomy":"post_tag","embeddable":true,"href":"https:\/\/revistavalorenegocios.com\/index.php?rest_route=%2Fwp%2Fv2%2Ftags&post=4490"}],"curies":[{"name":"wp","href":"https:\/\/api.w.org\/{rel}","templated":true}]}}