{"id":4537,"date":"2025-02-06T21:15:00","date_gmt":"2025-02-06T21:15:00","guid":{"rendered":"https:\/\/revistavalorenegocios.com\/?p=4537"},"modified":"2025-02-07T03:20:37","modified_gmt":"2025-02-07T03:20:37","slug":"cesta-basica-sobe-nas-capitais-e-custa-ao-menos-40-do-salario-minimo","status":"publish","type":"post","link":"https:\/\/revistavalorenegocios.com\/?p=4537","title":{"rendered":"Cesta b\u00e1sica sobe nas capitais e custa ao menos 40% do sal\u00e1rio m\u00ednimo"},"content":{"rendered":"\n<p>Levantamento de pre\u00e7os de itens de consumo b\u00e1sicos nas capitais do pa\u00eds identificou aumento no custo da cesta b\u00e1sica em janeiro deste ano em 13 das 17 cidades pesquisadas.<img decoding=\"async\" src=\"https:\/\/agenciabrasil.ebc.com.br\/ebc.png?id=1629449&amp;o=node\"><img decoding=\"async\" src=\"https:\/\/agenciabrasil.ebc.com.br\/ebc.gif?id=1629449&amp;o=node\"><\/p>\n\n\n\n<p>A maior alta foi em Salvador (6,22%), seguida por Bel\u00e9m (4,80%) e Fortaleza (3,96%). As quatro cidades onde houve redu\u00e7\u00e3o no valor global dos itens foram Porto Alegre (-1,67%), Vit\u00f3ria (-1,62%), Campo Grande (-0,79%) e Florian\u00f3polis (-0,09%). O levantamento \u2013 realizado desde 2005 &#8211; \u00e9 do Departamento Intersindical de Estat\u00edstica e Estudos Socioecon\u00f4micos (Dieese).<\/p>\n\n\n\n<p>A cesta b\u00e1sica mais cara foi cotada em S\u00e3o Paulo, onde os alimentos que a comp\u00f5em custam R$ 851,82, 60% do sal\u00e1rio m\u00ednimo oficial (R$ 1.518).<\/p>\n\n\n\n<p>Em janeiro, segundo o levantamento do Dieese, o sal\u00e1rio m\u00ednimo necess\u00e1rio para a manuten\u00e7\u00e3o de uma fam\u00edlia de quatro pessoas deveria ter sido de R$ 7.156,15.<\/p>\n\n\n\n<p>Estudo divulgado em dezembro pelo Instituto de Pesquisa Econ\u00f4mica Aplicada (Ipea) indica que a renda m\u00e9dia do trabalhador brasileiro foi de R$ 3.279,00 em outubro de 2024, dado mais atual dispon\u00edvel.<\/p>\n\n\n\n<h2 class=\"wp-block-heading\">Valores<\/h2>\n\n\n\n<p>A compara\u00e7\u00e3o, segundo o Dieese, \u00e9 poss\u00edvel &#8220;com base na cesta mais cara, que, em janeiro, foi a de S\u00e3o Paulo, e levando em considera\u00e7\u00e3o a determina\u00e7\u00e3o constitucional que estabelece que o sal\u00e1rio m\u00ednimo deve ser suficiente para suprir as despesas de um trabalhador e da fam\u00edlia dele com alimenta\u00e7\u00e3o, moradia, sa\u00fade, educa\u00e7\u00e3o, vestu\u00e1rio, higiene, transporte, lazer e previd\u00eancia&#8221;.<\/p>\n\n\n\n<p>Em janeiro de 2024, deveria ter ficado em R$ 6.723,41 ou 4,76 vezes o valor vigente. A infla\u00e7\u00e3o dos \u00faltimos 12 meses, segundo o \u00cdndice Nacional de Pre\u00e7os ao Consumidor Amplo (IPCA), foi de 4,8%, valor pr\u00f3ximo ao aumento indicado.<\/p>\n\n\n\n<p>As cidades do sul e sudeste est\u00e3o entre as mais caras cotadas. Em Florian\u00f3polis, o valor m\u00e9dio da cesta b\u00e1sica foi de R$ 808,75, no Rio de Janeiro R$ 802,88, e, em Porto Alegre, R$ 770,63.<\/p>\n\n\n\n<h2 class=\"wp-block-heading\">Custo<\/h2>\n\n\n\n<p>Curitiba, com R$&nbsp;743,69, Vit\u00f3ria com 735,31 e Belo Horizonte com R$ 717,51 completam o setor, mas foram superadas por Campo Grande (R$ 764,24), Goi\u00e2nia (R$ 756,92) e Bras\u00edlia (R$ 756,03). As capitais do Norte e Nordeste pesquisadas t\u00eam custos abaixo da metade do valor do sal\u00e1rio m\u00ednimo. Em Fortaleza a cesta b\u00e1sica custou em m\u00e9dia R$ 700,44, em Bel\u00e9m R$ 697,81, em Natal R$ 634,11, em Salvador R$ 620,23, em Jo\u00e3o Pessoa R$ 618,64, no Recife R$ 598,72 e em Aracaju R$ 571,43.<\/p>\n\n\n\n<p>A an\u00e1lise do Dieese liga o aumento da cesta b\u00e1sica ao comportamento de tr\u00eas itens principais: o caf\u00e9 em p\u00f3, que subiu em todas as cidades nos \u00faltimos 12 meses; o tomate, que aumentou em cinco cidades, mas diminuiu em outras 12 nesse per\u00edodo, mas teve aumento acima de 40% em Salvador, Belo Horizonte, Bras\u00edlia e Rio de Janeiro, por conta&nbsp;das chuvas; e o p\u00e3o franc\u00eas, que aumentou em 16 cidades pesquisadas nos \u00faltimos 12 meses, o que se atribui a uma &#8220;menor oferta de trigo nacional e necessidade maior de importa\u00e7\u00e3o, nesse cen\u00e1rio de c\u00e2mbio desvalorizado&#8221;.<\/p>\n\n\n\n<p>O reajuste poderia ter sido maior, por\u00e9m, foi contido por itens como a batata, que diminuiu em todas as capitais no \u00faltimo ano, o leite integral, que, apesar do reajuste durante o ano, teve queda em 12 cidades em dezembro, e o arroz agulhinha e o feij\u00e3o preto, que t\u00eam ca\u00eddo de pre\u00e7o nos \u00faltimos meses por conta de aumento na oferta.<\/p>\n\n\n\n<p><\/p>\n","protected":false},"excerpt":{"rendered":"<p>Levantamento de pre\u00e7os de itens de consumo b\u00e1sicos nas capitais do pa\u00eds identificou aumento no custo da cesta b\u00e1sica em janeiro deste ano em 13 das 17 cidades pesquisadas. A maior alta foi em Salvador (6,22%), seguida por Bel\u00e9m (4,80%) e Fortaleza (3,96%). As quatro cidades onde houve redu\u00e7\u00e3o no valor global dos itens foram [&hellip;]<\/p>\n","protected":false},"author":3,"featured_media":4538,"comment_status":"open","ping_status":"open","sticky":false,"template":"","format":"standard","meta":{"footnotes":""},"categories":[131],"tags":[],"class_list":{"0":"post-4537","1":"post","2":"type-post","3":"status-publish","4":"format-standard","5":"has-post-thumbnail","7":"category-economia"},"_links":{"self":[{"href":"https:\/\/revistavalorenegocios.com\/index.php?rest_route=\/wp\/v2\/posts\/4537","targetHints":{"allow":["GET"]}}],"collection":[{"href":"https:\/\/revistavalorenegocios.com\/index.php?rest_route=\/wp\/v2\/posts"}],"about":[{"href":"https:\/\/revistavalorenegocios.com\/index.php?rest_route=\/wp\/v2\/types\/post"}],"author":[{"embeddable":true,"href":"https:\/\/revistavalorenegocios.com\/index.php?rest_route=\/wp\/v2\/users\/3"}],"replies":[{"embeddable":true,"href":"https:\/\/revistavalorenegocios.com\/index.php?rest_route=%2Fwp%2Fv2%2Fcomments&post=4537"}],"version-history":[{"count":2,"href":"https:\/\/revistavalorenegocios.com\/index.php?rest_route=\/wp\/v2\/posts\/4537\/revisions"}],"predecessor-version":[{"id":4543,"href":"https:\/\/revistavalorenegocios.com\/index.php?rest_route=\/wp\/v2\/posts\/4537\/revisions\/4543"}],"wp:featuredmedia":[{"embeddable":true,"href":"https:\/\/revistavalorenegocios.com\/index.php?rest_route=\/wp\/v2\/media\/4538"}],"wp:attachment":[{"href":"https:\/\/revistavalorenegocios.com\/index.php?rest_route=%2Fwp%2Fv2%2Fmedia&parent=4537"}],"wp:term":[{"taxonomy":"category","embeddable":true,"href":"https:\/\/revistavalorenegocios.com\/index.php?rest_route=%2Fwp%2Fv2%2Fcategories&post=4537"},{"taxonomy":"post_tag","embeddable":true,"href":"https:\/\/revistavalorenegocios.com\/index.php?rest_route=%2Fwp%2Fv2%2Ftags&post=4537"}],"curies":[{"name":"wp","href":"https:\/\/api.w.org\/{rel}","templated":true}]}}