{"id":4540,"date":"2025-02-06T20:17:00","date_gmt":"2025-02-06T20:17:00","guid":{"rendered":"https:\/\/revistavalorenegocios.com\/?p=4540"},"modified":"2025-02-07T03:20:07","modified_gmt":"2025-02-07T03:20:07","slug":"apos-tres-meses-em-alta-inadimplencia-cai-em-dezembro-diz-serasa","status":"publish","type":"post","link":"https:\/\/revistavalorenegocios.com\/?p=4540","title":{"rendered":"Ap\u00f3s tr\u00eas meses em alta, inadimpl\u00eancia cai em dezembro, diz Serasa"},"content":{"rendered":"\n<p>Depois de tr\u00eas meses em alta, a inadimpl\u00eancia no pa\u00eds caiu em dezembro. De acordo com a Serasa, o cadastro de consumidores negativados registrou 276 mil nomes a menos no \u00faltimo m\u00eas de 2024. O n\u00famero de pessoas em situa\u00e7\u00e3o de inadimpl\u00eancia caiu de 73,7 milh\u00f5es, em novembro, para 73,5 milh\u00f5es, em dezembro. Os dados foram divulgados nesta quinta-feira (6) pela Serasa.<img decoding=\"async\" src=\"https:\/\/agenciabrasil.ebc.com.br\/ebc.png?id=1629442&amp;o=node\"><img decoding=\"async\" src=\"https:\/\/agenciabrasil.ebc.com.br\/ebc.gif?id=1629442&amp;o=node\"><\/p>\n\n\n\n<p>De acordo com o Mapa da Inadimpl\u00eancia, em dezembro, o valor total das d\u00edvidas caiu em R$ 6 bilh\u00f5es, passando para R$ 404 bilh\u00f5es. J\u00e1 o t\u00edquete m\u00e9dio de cada pend\u00eancia tamb\u00e9m apresentou desacelera\u00e7\u00e3o, de 1,89%, caindo para R$ 1.465,73.<\/p>\n\n\n\n<p>\u201cMesmo que o mapa da Serasa ainda mostre 73,5 milh\u00f5es de pessoas em situa\u00e7\u00e3o de inadimpl\u00eancia, a queda no final do ano mostra que o consumidor quer regularizar suas contas\u201d, destacou a gerente da empresa, Aline Maciel.<\/p>\n\n\n\n<p>Em 19 das 27 unidades da federa\u00e7\u00e3o, a inadimpl\u00eancia diminuiu em dezembro. Pernambuco (-5%) e Rond\u00f4nia (-4,3%) foram os estados em que mais houve redu\u00e7\u00e3o. Entre as oito unidades que registraram aumento no n\u00famero de inadimplentes, Tocantins (+1,3%) e S\u00e3o Paulo (+0,8%) apresentaram as maiores altas.<\/p>\n\n\n\n<p><\/p>\n","protected":false},"excerpt":{"rendered":"<p>Depois de tr\u00eas meses em alta, a inadimpl\u00eancia no pa\u00eds caiu em dezembro. De acordo com a Serasa, o cadastro de consumidores negativados registrou 276 mil nomes a menos no \u00faltimo m\u00eas de 2024. O n\u00famero de pessoas em situa\u00e7\u00e3o de inadimpl\u00eancia caiu de 73,7 milh\u00f5es, em novembro, para 73,5 milh\u00f5es, em dezembro. Os dados [&hellip;]<\/p>\n","protected":false},"author":3,"featured_media":4541,"comment_status":"open","ping_status":"open","sticky":false,"template":"","format":"standard","meta":{"footnotes":""},"categories":[131],"tags":[],"class_list":{"0":"post-4540","1":"post","2":"type-post","3":"status-publish","4":"format-standard","5":"has-post-thumbnail","7":"category-economia"},"_links":{"self":[{"href":"https:\/\/revistavalorenegocios.com\/index.php?rest_route=\/wp\/v2\/posts\/4540","targetHints":{"allow":["GET"]}}],"collection":[{"href":"https:\/\/revistavalorenegocios.com\/index.php?rest_route=\/wp\/v2\/posts"}],"about":[{"href":"https:\/\/revistavalorenegocios.com\/index.php?rest_route=\/wp\/v2\/types\/post"}],"author":[{"embeddable":true,"href":"https:\/\/revistavalorenegocios.com\/index.php?rest_route=\/wp\/v2\/users\/3"}],"replies":[{"embeddable":true,"href":"https:\/\/revistavalorenegocios.com\/index.php?rest_route=%2Fwp%2Fv2%2Fcomments&post=4540"}],"version-history":[{"count":1,"href":"https:\/\/revistavalorenegocios.com\/index.php?rest_route=\/wp\/v2\/posts\/4540\/revisions"}],"predecessor-version":[{"id":4542,"href":"https:\/\/revistavalorenegocios.com\/index.php?rest_route=\/wp\/v2\/posts\/4540\/revisions\/4542"}],"wp:featuredmedia":[{"embeddable":true,"href":"https:\/\/revistavalorenegocios.com\/index.php?rest_route=\/wp\/v2\/media\/4541"}],"wp:attachment":[{"href":"https:\/\/revistavalorenegocios.com\/index.php?rest_route=%2Fwp%2Fv2%2Fmedia&parent=4540"}],"wp:term":[{"taxonomy":"category","embeddable":true,"href":"https:\/\/revistavalorenegocios.com\/index.php?rest_route=%2Fwp%2Fv2%2Fcategories&post=4540"},{"taxonomy":"post_tag","embeddable":true,"href":"https:\/\/revistavalorenegocios.com\/index.php?rest_route=%2Fwp%2Fv2%2Ftags&post=4540"}],"curies":[{"name":"wp","href":"https:\/\/api.w.org\/{rel}","templated":true}]}}