{"id":4608,"date":"2025-02-23T20:56:00","date_gmt":"2025-02-23T20:56:00","guid":{"rendered":"https:\/\/revistavalorenegocios.com\/?p=4608"},"modified":"2025-02-23T23:57:43","modified_gmt":"2025-02-23T23:57:43","slug":"dolar-sobe-para-r-573-com-novo-coronavirus-na-china","status":"publish","type":"post","link":"https:\/\/revistavalorenegocios.com\/?p=4608","title":{"rendered":"D\u00f3lar sobe para R$ 5,73 com novo coronav\u00edrus na China"},"content":{"rendered":"\n<p>As incertezas em rela\u00e7\u00e3o ao governo de Donald Trump e a descoberta de um novo tipo de coronav\u00edrus na China provocaram turbul\u00eancias no mercado financeiro. O d\u00f3lar teve a primeira alta semanal em sete semanas. A bolsa de valores teve pequena queda, tamb\u00e9m influenciada pelo exterior.<img decoding=\"async\" src=\"https:\/\/agenciabrasil.ebc.com.br\/ebc.png?id=1631480&amp;o=node\"><img decoding=\"async\" src=\"https:\/\/agenciabrasil.ebc.com.br\/ebc.gif?id=1631480&amp;o=node\"><\/p>\n\n\n\n<p>O d\u00f3lar comercial encerrou esta sexta-feira (21) vendido a R$ 5,731, com alta de R$ 0,026 (+0,46%). A cota\u00e7\u00e3o operou em queda durante a maior parte do dia, chegando a R$ 5,69 por volta das 13h45. No entanto, passou a subir no meio da tarde, ap\u00f3s o jornal brit\u00e2nico Daily Mail divulgar a not\u00edcia de que um novo coronav\u00edrus descoberto em morcegos na China tem potencial de transmiss\u00e3o entre humanos.<\/p>\n\n\n\n<p>Com a alta desta sexta, a moeda norte-americana subiu 0,58% na semana. Em 2025, a divisa cai 7,26%.<\/p>\n\n\n\n<p>A not\u00edcia do novo v\u00edrus tamb\u00e9m trouxe turbul\u00eancias no mercado de a\u00e7\u00f5es. O \u00edndice Ibovespa, da B3, fechou aos 127.128 pontos, com recuo de 0,37%. Al\u00e9m de seguir o mercado internacional, o indicador foi afetado pela queda do pre\u00e7o do petr\u00f3leo, que afetou pa\u00edses emergentes.<\/p>\n\n\n\n<p>Logo ap\u00f3s a divulga\u00e7\u00e3o sobre o novo coronav\u00edrus, as bolsas norte-americanas passaram a cair, empurrando o mercado global. A queda dos juros dos t\u00edtulos norte-americanos, considerados os investimentos mais seguros do planeta, n\u00e3o se refletiu em baixa do d\u00f3lar, como costuma ocorrer.<\/p>\n\n\n\n<p><em>* com informa\u00e7\u00f5es da Reuters<\/em><\/p>\n","protected":false},"excerpt":{"rendered":"<p>As incertezas em rela\u00e7\u00e3o ao governo de Donald Trump e a descoberta de um novo tipo de coronav\u00edrus na China provocaram turbul\u00eancias no mercado financeiro. O d\u00f3lar teve a primeira alta semanal em sete semanas. A bolsa de valores teve pequena queda, tamb\u00e9m influenciada pelo exterior. O d\u00f3lar comercial encerrou esta sexta-feira (21) vendido a [&hellip;]<\/p>\n","protected":false},"author":3,"featured_media":4609,"comment_status":"open","ping_status":"open","sticky":false,"template":"","format":"standard","meta":{"footnotes":""},"categories":[131],"tags":[],"class_list":{"0":"post-4608","1":"post","2":"type-post","3":"status-publish","4":"format-standard","5":"has-post-thumbnail","7":"category-economia"},"_links":{"self":[{"href":"https:\/\/revistavalorenegocios.com\/index.php?rest_route=\/wp\/v2\/posts\/4608","targetHints":{"allow":["GET"]}}],"collection":[{"href":"https:\/\/revistavalorenegocios.com\/index.php?rest_route=\/wp\/v2\/posts"}],"about":[{"href":"https:\/\/revistavalorenegocios.com\/index.php?rest_route=\/wp\/v2\/types\/post"}],"author":[{"embeddable":true,"href":"https:\/\/revistavalorenegocios.com\/index.php?rest_route=\/wp\/v2\/users\/3"}],"replies":[{"embeddable":true,"href":"https:\/\/revistavalorenegocios.com\/index.php?rest_route=%2Fwp%2Fv2%2Fcomments&post=4608"}],"version-history":[{"count":1,"href":"https:\/\/revistavalorenegocios.com\/index.php?rest_route=\/wp\/v2\/posts\/4608\/revisions"}],"predecessor-version":[{"id":4610,"href":"https:\/\/revistavalorenegocios.com\/index.php?rest_route=\/wp\/v2\/posts\/4608\/revisions\/4610"}],"wp:featuredmedia":[{"embeddable":true,"href":"https:\/\/revistavalorenegocios.com\/index.php?rest_route=\/wp\/v2\/media\/4609"}],"wp:attachment":[{"href":"https:\/\/revistavalorenegocios.com\/index.php?rest_route=%2Fwp%2Fv2%2Fmedia&parent=4608"}],"wp:term":[{"taxonomy":"category","embeddable":true,"href":"https:\/\/revistavalorenegocios.com\/index.php?rest_route=%2Fwp%2Fv2%2Fcategories&post=4608"},{"taxonomy":"post_tag","embeddable":true,"href":"https:\/\/revistavalorenegocios.com\/index.php?rest_route=%2Fwp%2Fv2%2Ftags&post=4608"}],"curies":[{"name":"wp","href":"https:\/\/api.w.org\/{rel}","templated":true}]}}