{"id":4627,"date":"2025-02-28T23:07:00","date_gmt":"2025-02-28T23:07:00","guid":{"rendered":"https:\/\/revistavalorenegocios.com\/?p=4627"},"modified":"2025-03-05T11:09:25","modified_gmt":"2025-03-05T11:09:25","slug":"segunda-fase-do-depreciacao-acelerada-tera-r-3-bi-para-industrias","status":"publish","type":"post","link":"https:\/\/revistavalorenegocios.com\/?p=4627","title":{"rendered":"Segunda fase do Deprecia\u00e7\u00e3o Acelerada ter\u00e1 R$ 3 bi para ind\u00fastrias"},"content":{"rendered":"\n<p><strong>A segunda fase do\u00a0programa Deprecia\u00e7\u00e3o Acelerada, que acelera a devolu\u00e7\u00e3o de imposto de Renda e de Contribui\u00e7\u00e3o Social sobre o Lucro L\u00edquido (CSLL) para as ind\u00fastrias que renovam m\u00e1quinas, ter\u00e1 R$ 3 bilh\u00f5es em cr\u00e9ditos tribut\u00e1rios em 2025 e 2026<\/strong>, anunciou nesta sexta-feira (28) o presidente em exerc\u00edcio e ministro do Desenvolvimento, Ind\u00fastria, Com\u00e9rcio e Servi\u00e7os, Geraldo Alckmin.<img decoding=\"async\" src=\"https:\/\/agenciabrasil.ebc.com.br\/ebc.png?id=1632326&amp;o=node\"><img decoding=\"async\" src=\"https:\/\/agenciabrasil.ebc.com.br\/ebc.gif?id=1632326&amp;o=node\"><\/p>\n\n\n\n<p>Desse total, R$ 1,5 bilh\u00e3o ser\u00e1 concedido em 2025 e R$ 1,5 bilh\u00e3o em 2026. Inicialmente, estava previsto R$ 1,7 bilh\u00e3o para este ano, mas R$ 200 milh\u00f5es foram usados em 2024, reduzindo o montante dispon\u00edvel para R$ 1,5 bilh\u00e3o em 2025.<\/p>\n\n\n\n<p><strong>A medida impulsiona a compra de m\u00e1quinas, equipamentos, aparelhos e instrumentos novos, beneficiando 25 atividades econ\u00f4micas do setor industrial.&nbsp;<\/strong>O programa come\u00e7ou com 23 participantes, mas a segunda fase contemplar\u00e1 o setor automotivo e uma parcela da ind\u00fastria qu\u00edmica que n\u00e3o estava habilitada.<\/p>\n\n\n\n<p>Em entrevista coletiva, Alckmin explicou que a deprecia\u00e7\u00e3o acelerada resulta em economia m\u00e9dia de 4% para as ind\u00fastrias que renovam o parque fabril, ajudando a compensar os efeitos da alta da Taxa Selic (juros b\u00e1sicos da economia).<\/p>\n\n\n\n<p>\u201cA Abimaq [Associa\u00e7\u00e3o Brasileira da Ind\u00fastria de M\u00e1quinas e Equipamentos] tem feito uns estudos. A economia varia um pouco, mas pode reduzir em 4% o valor da m\u00e1quina. Varia de 3% a 5%, mas isso ajuda a compensar o aumento da Selic\u201d, disse o presidente em exerc\u00edcio.<\/p>\n\n\n\n<h2 class=\"wp-block-heading\">&nbsp;<\/h2>\n\n\n\n<figure class=\"wp-block-image\"><img decoding=\"async\" src=\"https:\/\/imagens.ebc.com.br\/PO5VWaVuD75Q0Dg-dk74mNjh63Q=\/754x0\/smart\/https:\/\/agenciabrasil.ebc.com.br\/sites\/default\/files\/thumbnails\/image\/2025\/02\/28\/alckmin.jpeg?itok=NuO24s59\" alt=\"O presidente em exerc\u00edcio e ministro do Desenvolvimento, Ind\u00fastria, Com\u00e9rcio e Servi\u00e7os (MDIC), Geraldo Alckmin, anunciou nesta sexta-feira (28\/02) a segunda fase do programa Deprecia\u00e7\u00e3o Acelerada\" title=\"Foto: J\u00falio C\u00e9sar Silva\/MDIC\"\/><\/figure>\n\n\n\n<h6 class=\"wp-block-heading\"><em>O presidente em exerc\u00edcio e ministro do Desenvolvimento, Ind\u00fastria, Com\u00e9rcio e Servi\u00e7os (MDIC), Geraldo Alckmin, anunciou nesta sexta-feira (28\/) a segunda fase do programa Deprecia\u00e7\u00e3o Acelerada &#8211;&nbsp;<strong>Foto: J\u00falio C\u00e9sar Silva\/MDIC<\/strong><\/em><\/h6>\n\n\n\n<h2 class=\"wp-block-heading\">C\u00edrculo virtuoso<\/h2>\n\n\n\n<p>Para o ministro, a medida inicia um c\u00edrculo virtuoso para o investimento da ind\u00fastria nacional. \u201cIsso estimula o parque industrial a se renovar. Voc\u00ea estimula as ind\u00fastrias a trocar m\u00e1quinas e equipamentos por m\u00e1quinas mais eficientes. Mais produtividade, efici\u00eancia energ\u00e9tica e descarboniza\u00e7\u00e3o\u201d, ressaltou.<\/p>\n\n\n\n<p><strong>Por meio da deprecia\u00e7\u00e3o acelerada, as ind\u00fastrias reduzem, de 15 para 2 anos, o abatimento de Imposto de Renda e da CSLL decorrente da deprecia\u00e7\u00e3o (desgate) de m\u00e1quinas compradas. A empresa deduz 50% do desgaste no primeiro ano e 50% no segundo ano.<\/strong><\/p>\n\n\n\n<p>O secret\u00e1rio de Desenvolvimento Industrial, Inova\u00e7\u00e3o, Com\u00e9rcio e Servi\u00e7os do Mdic, Uallace Moreira, explicou que o governo remanejou para a segunda fase o cr\u00e9dito financeiro n\u00e3o usado na primeira fase do programa.<\/p>\n\n\n\n<p>No ano passado, o programa Deprecia\u00e7\u00e3o Acelerada beneficiou 374 projetos industriais, que acessaram cerca de R$ 200 milh\u00f5es em cr\u00e9dito tribut\u00e1rio para a compra de novos equipamentos. Os destaques foram os setores de produtos de borracha, biocombust\u00edveis, celulose e m\u00e1quinas e equipamentos.<\/p>\n\n\n\n<p>\u201cA deprecia\u00e7\u00e3o s\u00f3 \u00e9 feita quando se apresenta a nota fiscal da compra da m\u00e1quina e equipamento. Isso \u00e9 a comprova\u00e7\u00e3o para novas m\u00e1quinas e equipamentos. Tanto \u00e9 que a deprecia\u00e7\u00e3o n\u00e3o contempla m\u00e1quinas e equipamentos usados\u201d, explicou Moreira.<\/p>\n\n\n\n<h2 class=\"wp-block-heading\">Autocertifica\u00e7\u00e3o<\/h2>\n\n\n\n<p><strong>A partir deste s\u00e1bado (1\u00ba), as empresas brasileiras que exportam para a Argentina, o Paraguai e o Uruguai passar\u00e3o a auto certificar a Declara\u00e7\u00e3o de Origem.<\/strong>&nbsp;Segundo Alckmin, a medida reduz a burocracia e resultar\u00e1 em economia aos exportadores nacionais.<\/p>\n\n\n\n<p>De acordo com o presidente em exerc\u00edcio, essa medida reduz custo e tempo de emiss\u00e3o da prova de origem e com isso as exporta\u00e7\u00f5es brasileiras ficam menos onerosas.&nbsp;<\/p>\n\n\n\n<p>\u201cA autocertifica\u00e7\u00e3o fortalece a competitividade das empresas e facilita a integra\u00e7\u00e3o regional, garantindo maior efici\u00eancia nas trocas comerciais entre os pa\u00edses do Mercosul.\u201d<\/p>\n\n\n\n<p>Prevista por uma\u00a0portaria de dezembro do ano passado\u00a0da Secretaria de Com\u00e9rcio Exterior (Secex) do Mdic, a autocertifica\u00e7\u00e3o passa a ser considerada uma prova de origem v\u00e1lida para os acordos comerciais que permitem essa modalidade. A certifica\u00e7\u00e3o de origem garante acesso a benef\u00edcios tarif\u00e1rios nos pa\u00edses de destino das mercadorias.<\/p>\n\n\n\n<p>Por ano, s\u00e3o emitidos cerca de 600 mil certificados de origem, dos quais 35% para exportadoras ao Mercosul. At\u00e9 agora, o exportador tinha de pagar a certifica\u00e7\u00e3o de origem \u00e0s federa\u00e7\u00f5es estaduais das ind\u00fastrias, \u00e0s associa\u00e7\u00f5es comerciais e \u00e0s c\u00e2maras de com\u00e9rcio. A portaria do Mdic estabelece mecanismos internos de controle em casos de suspeita de fraude de origem, para refor\u00e7ar a verifica\u00e7\u00e3o e o controle previstos nos acordos comerciais.<\/p>\n\n\n\n<p>Fonte: Ag\u00eancia Brasil<\/p>\n","protected":false},"excerpt":{"rendered":"<p>A segunda fase do\u00a0programa Deprecia\u00e7\u00e3o Acelerada, que acelera a devolu\u00e7\u00e3o de imposto de Renda e de Contribui\u00e7\u00e3o Social sobre o Lucro L\u00edquido (CSLL) para as ind\u00fastrias que renovam m\u00e1quinas, ter\u00e1 R$ 3 bilh\u00f5es em cr\u00e9ditos tribut\u00e1rios em 2025 e 2026, anunciou nesta sexta-feira (28) o presidente em exerc\u00edcio e ministro do Desenvolvimento, Ind\u00fastria, Com\u00e9rcio e [&hellip;]<\/p>\n","protected":false},"author":3,"featured_media":4628,"comment_status":"open","ping_status":"open","sticky":false,"template":"","format":"standard","meta":{"footnotes":""},"categories":[134],"tags":[],"class_list":{"0":"post-4627","1":"post","2":"type-post","3":"status-publish","4":"format-standard","5":"has-post-thumbnail","7":"category-brasil"},"_links":{"self":[{"href":"https:\/\/revistavalorenegocios.com\/index.php?rest_route=\/wp\/v2\/posts\/4627","targetHints":{"allow":["GET"]}}],"collection":[{"href":"https:\/\/revistavalorenegocios.com\/index.php?rest_route=\/wp\/v2\/posts"}],"about":[{"href":"https:\/\/revistavalorenegocios.com\/index.php?rest_route=\/wp\/v2\/types\/post"}],"author":[{"embeddable":true,"href":"https:\/\/revistavalorenegocios.com\/index.php?rest_route=\/wp\/v2\/users\/3"}],"replies":[{"embeddable":true,"href":"https:\/\/revistavalorenegocios.com\/index.php?rest_route=%2Fwp%2Fv2%2Fcomments&post=4627"}],"version-history":[{"count":1,"href":"https:\/\/revistavalorenegocios.com\/index.php?rest_route=\/wp\/v2\/posts\/4627\/revisions"}],"predecessor-version":[{"id":4629,"href":"https:\/\/revistavalorenegocios.com\/index.php?rest_route=\/wp\/v2\/posts\/4627\/revisions\/4629"}],"wp:featuredmedia":[{"embeddable":true,"href":"https:\/\/revistavalorenegocios.com\/index.php?rest_route=\/wp\/v2\/media\/4628"}],"wp:attachment":[{"href":"https:\/\/revistavalorenegocios.com\/index.php?rest_route=%2Fwp%2Fv2%2Fmedia&parent=4627"}],"wp:term":[{"taxonomy":"category","embeddable":true,"href":"https:\/\/revistavalorenegocios.com\/index.php?rest_route=%2Fwp%2Fv2%2Fcategories&post=4627"},{"taxonomy":"post_tag","embeddable":true,"href":"https:\/\/revistavalorenegocios.com\/index.php?rest_route=%2Fwp%2Fv2%2Ftags&post=4627"}],"curies":[{"name":"wp","href":"https:\/\/api.w.org\/{rel}","templated":true}]}}