{"id":4630,"date":"2025-03-01T11:09:46","date_gmt":"2025-03-01T11:09:46","guid":{"rendered":"https:\/\/revistavalorenegocios.com\/?p=4630"},"modified":"2025-03-05T11:10:51","modified_gmt":"2025-03-05T11:10:51","slug":"dolar-atinge-r-591-apos-escolha-de-gleisi-e-discussao-na-casa-branca","status":"publish","type":"post","link":"https:\/\/revistavalorenegocios.com\/?p=4630","title":{"rendered":"D\u00f3lar atinge R$ 5,91 ap\u00f3s escolha de Gleisi e discuss\u00e3o na Casa Branca"},"content":{"rendered":"\n<p>Em um dia de turbul\u00eancia no mercado dom\u00e9stico e internacional, o&nbsp;<strong>d\u00f3lar voltou a superar a barreira de R$ 5,90<\/strong>&nbsp;e atingiu o maior n\u00edvel em mais de 1 m\u00eas. A bolsa de valores caiu pela terceira vez na semana e fechou o m\u00eas com recuo de mais de 2%.<img decoding=\"async\" src=\"https:\/\/agenciabrasil.ebc.com.br\/ebc.png?id=1632314&amp;o=node\"><img decoding=\"async\" src=\"https:\/\/agenciabrasil.ebc.com.br\/ebc.gif?id=1632314&amp;o=node\"><\/p>\n\n\n\n<p>O d\u00f3lar comercial encerrou a sexta-feira (28) vendido a R$ 5,916, com alta de R$ 0,088 (1,5%). A\u00a0<strong>cota\u00e7\u00e3o chegou a operar pr\u00f3xima da estabilidade durante a manh\u00e3<\/strong>, mas aproximou-se de R$ 5,90 ap\u00f3s a\u00a0nomea\u00e7\u00e3o da deputada federal Gleisi Hoffman (PT-PR) para a Secretaria de Rela\u00e7\u00f5es Institucionais.\u00a0<\/p>\n\n\n\n<p>Ap\u00f3s o\u00a0desentendimento p\u00fablico entre os presidentes Donald Trump e Volodymyr Zelenky, a cota\u00e7\u00e3o superou os R$ 5,90.<\/p>\n\n\n\n<p>Ap\u00f3s a turbul\u00eancia desta sexta-feira, a moeda norte-americana, que acumulava queda em fevereiro,&nbsp;<strong>fechou a semana com ganho de 3,25%<\/strong>&nbsp;e o m\u00eas com valoriza\u00e7\u00e3o de 1,39%. A cota\u00e7\u00e3o est\u00e1 no maior valor desde 24 de janeiro.<\/p>\n\n\n\n<h2 class=\"wp-block-heading\">Ibovespa<\/h2>\n\n\n\n<p>O dia tamb\u00e9m foi tenso no mercado de a\u00e7\u00f5es. O&nbsp;<strong>\u00edndice Ibovespa, da B3, fechou aos 122.709 pontos<\/strong>, com recuo de 1,6%. O indicador refletiu tanto os fatores dom\u00e9sticos como a resili\u00eancia do n\u00facleo da infla\u00e7\u00e3o ao consumidor nos Estados Unidos, que ficou em 0,3% em janeiro.&nbsp;<\/p>\n\n\n\n<p>A bolsa continuou a refletir a\u00a0queda no lucro da Petrobras em 2024. A bolsa caiu 3,41% na semana e acumulou queda de 2,64% no m\u00eas.<\/p>\n\n\n\n<p>A escolha de Gleisi Hoffman para coordenar a articula\u00e7\u00e3o pol\u00edtica do governo foi&nbsp;<strong>recebida com preocupa\u00e7\u00e3o por parte dos investidores<\/strong>. Isso porque a deputada federal criticou, por diversas vezes, a pol\u00edtica monet\u00e1ria do Banco Central e os cortes no Or\u00e7amento do governo.<\/p>\n\n\n\n<p>Em rela\u00e7\u00e3o \u00e0 discuss\u00e3o entre Trump e Zelensky, o&nbsp;<strong>d\u00f3lar passou a subir em todo o planeta ap\u00f3s a exibi\u00e7\u00e3o do evento ao vivo no Sal\u00e3o Oval da Casa Branca<\/strong>. O \u00edndice que mede a cota\u00e7\u00e3o do d\u00f3lar em rela\u00e7\u00e3o \u00e0s seis principais moedas internacionais subiu 0,22% ap\u00f3s o incidente, revertendo a queda na maior parte da sess\u00e3o.<\/p>\n\n\n\n<p><em>* Com informa\u00e7\u00f5es da Reuters<\/em><\/p>\n","protected":false},"excerpt":{"rendered":"<p>Em um dia de turbul\u00eancia no mercado dom\u00e9stico e internacional, o&nbsp;d\u00f3lar voltou a superar a barreira de R$ 5,90&nbsp;e atingiu o maior n\u00edvel em mais de 1 m\u00eas. A bolsa de valores caiu pela terceira vez na semana e fechou o m\u00eas com recuo de mais de 2%. O d\u00f3lar comercial encerrou a sexta-feira (28) [&hellip;]<\/p>\n","protected":false},"author":3,"featured_media":4631,"comment_status":"open","ping_status":"open","sticky":false,"template":"","format":"standard","meta":{"footnotes":""},"categories":[131],"tags":[],"class_list":{"0":"post-4630","1":"post","2":"type-post","3":"status-publish","4":"format-standard","5":"has-post-thumbnail","7":"category-economia"},"_links":{"self":[{"href":"https:\/\/revistavalorenegocios.com\/index.php?rest_route=\/wp\/v2\/posts\/4630","targetHints":{"allow":["GET"]}}],"collection":[{"href":"https:\/\/revistavalorenegocios.com\/index.php?rest_route=\/wp\/v2\/posts"}],"about":[{"href":"https:\/\/revistavalorenegocios.com\/index.php?rest_route=\/wp\/v2\/types\/post"}],"author":[{"embeddable":true,"href":"https:\/\/revistavalorenegocios.com\/index.php?rest_route=\/wp\/v2\/users\/3"}],"replies":[{"embeddable":true,"href":"https:\/\/revistavalorenegocios.com\/index.php?rest_route=%2Fwp%2Fv2%2Fcomments&post=4630"}],"version-history":[{"count":1,"href":"https:\/\/revistavalorenegocios.com\/index.php?rest_route=\/wp\/v2\/posts\/4630\/revisions"}],"predecessor-version":[{"id":4632,"href":"https:\/\/revistavalorenegocios.com\/index.php?rest_route=\/wp\/v2\/posts\/4630\/revisions\/4632"}],"wp:featuredmedia":[{"embeddable":true,"href":"https:\/\/revistavalorenegocios.com\/index.php?rest_route=\/wp\/v2\/media\/4631"}],"wp:attachment":[{"href":"https:\/\/revistavalorenegocios.com\/index.php?rest_route=%2Fwp%2Fv2%2Fmedia&parent=4630"}],"wp:term":[{"taxonomy":"category","embeddable":true,"href":"https:\/\/revistavalorenegocios.com\/index.php?rest_route=%2Fwp%2Fv2%2Fcategories&post=4630"},{"taxonomy":"post_tag","embeddable":true,"href":"https:\/\/revistavalorenegocios.com\/index.php?rest_route=%2Fwp%2Fv2%2Ftags&post=4630"}],"curies":[{"name":"wp","href":"https:\/\/api.w.org\/{rel}","templated":true}]}}