{"id":4633,"date":"2025-03-03T11:11:10","date_gmt":"2025-03-03T11:11:10","guid":{"rendered":"https:\/\/revistavalorenegocios.com\/?p=4633"},"modified":"2025-03-05T11:12:07","modified_gmt":"2025-03-05T11:12:07","slug":"conta-de-energia-eletrica-permanecera-sem-cobranca-extra-em-marco","status":"publish","type":"post","link":"https:\/\/revistavalorenegocios.com\/?p=4633","title":{"rendered":"Conta de energia el\u00e9trica permanecer\u00e1 sem cobran\u00e7a extra em mar\u00e7o"},"content":{"rendered":"\n<p><strong>A Ag\u00eancia Nacional de Energia El\u00e9trica (Aneel) decidiu manter a bandeira tarif\u00e1ria verde em mar\u00e7o, o que significa que n\u00e3o haver\u00e1 cobran\u00e7a adicional nas contas de energia.&nbsp;<\/strong>Segundo a ag\u00eancia, a medida reflete as condi\u00e7\u00f5es favor\u00e1veis de gera\u00e7\u00e3o de energia no pa\u00eds.<img decoding=\"async\" src=\"https:\/\/agenciabrasil.ebc.com.br\/ebc.png?id=1632311&amp;o=node\"><img decoding=\"async\" src=\"https:\/\/agenciabrasil.ebc.com.br\/ebc.gif?id=1632311&amp;o=node\"><\/p>\n\n\n\n<p>A\u00a0bandeira tarif\u00e1ria permanece verde\u00a0desde dezembro de 2024.\u00a0<\/p>\n\n\n\n<p>\u201cCom o per\u00edodo chuvoso, os n\u00edveis dos reservat\u00f3rios melhoraram, assim como as condi\u00e7\u00f5es de gera\u00e7\u00e3o das usinas hidrel\u00e9tricas. Dessa forma, o acionamento de usinas termel\u00e9tricas, que possuem energia mais cara, torna-se menos necess\u00e1rio\u201d, explica a Aneel.&nbsp;<\/p>\n\n\n\n<h2 class=\"wp-block-heading\">Bandeiras tarif\u00e1rias<\/h2>\n\n\n\n<p><strong>Criado em 2015 pela Aneel, o sistema de bandeiras tarif\u00e1rias reflete os custos vari\u00e1veis da gera\u00e7\u00e3o de energia el\u00e9trica.<\/strong>&nbsp;Divididas em n\u00edveis, as bandeiras indicam quanto est\u00e1 custando para o Sistema Interligado Nacional gerar a energia usada nas casas, em estabelecimentos comerciais e nas ind\u00fastrias.&nbsp;<\/p>\n\n\n\n<p>Quando a conta de luz \u00e9 calculada pela bandeira verde, n\u00e3o h\u00e1 nenhum acr\u00e9scimo. Quando s\u00e3o aplicadas as bandeiras vermelha ou amarela, a conta sofre acr\u00e9scimos a cada 100 quilowatts-hora (kWh) consumidos.<\/p>\n","protected":false},"excerpt":{"rendered":"<p>A Ag\u00eancia Nacional de Energia El\u00e9trica (Aneel) decidiu manter a bandeira tarif\u00e1ria verde em mar\u00e7o, o que significa que n\u00e3o haver\u00e1 cobran\u00e7a adicional nas contas de energia.&nbsp;Segundo a ag\u00eancia, a medida reflete as condi\u00e7\u00f5es favor\u00e1veis de gera\u00e7\u00e3o de energia no pa\u00eds. A\u00a0bandeira tarif\u00e1ria permanece verde\u00a0desde dezembro de 2024.\u00a0 \u201cCom o per\u00edodo chuvoso, os n\u00edveis dos [&hellip;]<\/p>\n","protected":false},"author":3,"featured_media":4634,"comment_status":"open","ping_status":"open","sticky":false,"template":"","format":"standard","meta":{"footnotes":""},"categories":[132],"tags":[],"class_list":{"0":"post-4633","1":"post","2":"type-post","3":"status-publish","4":"format-standard","5":"has-post-thumbnail","7":"category-energia"},"_links":{"self":[{"href":"https:\/\/revistavalorenegocios.com\/index.php?rest_route=\/wp\/v2\/posts\/4633","targetHints":{"allow":["GET"]}}],"collection":[{"href":"https:\/\/revistavalorenegocios.com\/index.php?rest_route=\/wp\/v2\/posts"}],"about":[{"href":"https:\/\/revistavalorenegocios.com\/index.php?rest_route=\/wp\/v2\/types\/post"}],"author":[{"embeddable":true,"href":"https:\/\/revistavalorenegocios.com\/index.php?rest_route=\/wp\/v2\/users\/3"}],"replies":[{"embeddable":true,"href":"https:\/\/revistavalorenegocios.com\/index.php?rest_route=%2Fwp%2Fv2%2Fcomments&post=4633"}],"version-history":[{"count":1,"href":"https:\/\/revistavalorenegocios.com\/index.php?rest_route=\/wp\/v2\/posts\/4633\/revisions"}],"predecessor-version":[{"id":4635,"href":"https:\/\/revistavalorenegocios.com\/index.php?rest_route=\/wp\/v2\/posts\/4633\/revisions\/4635"}],"wp:featuredmedia":[{"embeddable":true,"href":"https:\/\/revistavalorenegocios.com\/index.php?rest_route=\/wp\/v2\/media\/4634"}],"wp:attachment":[{"href":"https:\/\/revistavalorenegocios.com\/index.php?rest_route=%2Fwp%2Fv2%2Fmedia&parent=4633"}],"wp:term":[{"taxonomy":"category","embeddable":true,"href":"https:\/\/revistavalorenegocios.com\/index.php?rest_route=%2Fwp%2Fv2%2Fcategories&post=4633"},{"taxonomy":"post_tag","embeddable":true,"href":"https:\/\/revistavalorenegocios.com\/index.php?rest_route=%2Fwp%2Fv2%2Ftags&post=4633"}],"curies":[{"name":"wp","href":"https:\/\/api.w.org\/{rel}","templated":true}]}}