{"id":4636,"date":"2025-03-05T17:55:00","date_gmt":"2025-03-05T17:55:00","guid":{"rendered":"https:\/\/revistavalorenegocios.com\/?p=4636"},"modified":"2025-03-05T20:57:30","modified_gmt":"2025-03-05T20:57:30","slug":"bolsonaro-bacellar-e-2026-no-radar","status":"publish","type":"post","link":"https:\/\/revistavalorenegocios.com\/?p=4636","title":{"rendered":"Bolsonaro, Bacellar e 2026 no radar"},"content":{"rendered":"\n<p>O ex-presidente Jair Bolsonaro recebeu, em Angra dos Reis, um time de pol\u00edticos do Rio, com destaque para o presidente da Assembleia Legislativa do Rio (Alerj), Rodrigo Bacellar (Uni\u00e3o Brasil).<\/p>\n\n\n\n<p>A imagem de um Bolsonaro sorridente ao lado de Bacellar e Ant\u00f4nio Rueda, presidente nacional do Uni\u00e3o Brasil, diz muito sobre o tabuleiro pol\u00edtico para 2026, j\u00e1 que o presidente da Alerj desponta como um forte player para a disputa pelo governo do estado.<\/p>\n\n\n\n<p>Ap\u00f3s uma elei\u00e7\u00e3o hist\u00f3rica na Alerj, o de conseguiu se reeleger de forma un\u00e2nime, unindo direita, esquerda e centro, Bacellar agora tem afinando muito sua rela\u00e7\u00e3o com Bolsonaro.<\/p>\n\n\n\n<p>Fonte: O Radar RJ<\/p>\n\n\n\n<p><\/p>\n","protected":false},"excerpt":{"rendered":"<p>O ex-presidente Jair Bolsonaro recebeu, em Angra dos Reis, um time de pol\u00edticos do Rio, com destaque para o presidente da Assembleia Legislativa do Rio (Alerj), Rodrigo Bacellar (Uni\u00e3o Brasil). A imagem de um Bolsonaro sorridente ao lado de Bacellar e Ant\u00f4nio Rueda, presidente nacional do Uni\u00e3o Brasil, diz muito sobre o tabuleiro pol\u00edtico para [&hellip;]<\/p>\n","protected":false},"author":3,"featured_media":4637,"comment_status":"open","ping_status":"open","sticky":false,"template":"","format":"standard","meta":{"footnotes":""},"categories":[133],"tags":[],"class_list":{"0":"post-4636","1":"post","2":"type-post","3":"status-publish","4":"format-standard","5":"has-post-thumbnail","7":"category-destaque"},"_links":{"self":[{"href":"https:\/\/revistavalorenegocios.com\/index.php?rest_route=\/wp\/v2\/posts\/4636","targetHints":{"allow":["GET"]}}],"collection":[{"href":"https:\/\/revistavalorenegocios.com\/index.php?rest_route=\/wp\/v2\/posts"}],"about":[{"href":"https:\/\/revistavalorenegocios.com\/index.php?rest_route=\/wp\/v2\/types\/post"}],"author":[{"embeddable":true,"href":"https:\/\/revistavalorenegocios.com\/index.php?rest_route=\/wp\/v2\/users\/3"}],"replies":[{"embeddable":true,"href":"https:\/\/revistavalorenegocios.com\/index.php?rest_route=%2Fwp%2Fv2%2Fcomments&post=4636"}],"version-history":[{"count":1,"href":"https:\/\/revistavalorenegocios.com\/index.php?rest_route=\/wp\/v2\/posts\/4636\/revisions"}],"predecessor-version":[{"id":4638,"href":"https:\/\/revistavalorenegocios.com\/index.php?rest_route=\/wp\/v2\/posts\/4636\/revisions\/4638"}],"wp:featuredmedia":[{"embeddable":true,"href":"https:\/\/revistavalorenegocios.com\/index.php?rest_route=\/wp\/v2\/media\/4637"}],"wp:attachment":[{"href":"https:\/\/revistavalorenegocios.com\/index.php?rest_route=%2Fwp%2Fv2%2Fmedia&parent=4636"}],"wp:term":[{"taxonomy":"category","embeddable":true,"href":"https:\/\/revistavalorenegocios.com\/index.php?rest_route=%2Fwp%2Fv2%2Fcategories&post=4636"},{"taxonomy":"post_tag","embeddable":true,"href":"https:\/\/revistavalorenegocios.com\/index.php?rest_route=%2Fwp%2Fv2%2Ftags&post=4636"}],"curies":[{"name":"wp","href":"https:\/\/api.w.org\/{rel}","templated":true}]}}