{"id":4643,"date":"2025-03-07T22:42:00","date_gmt":"2025-03-07T22:42:00","guid":{"rendered":"https:\/\/revistavalorenegocios.com\/?p=4643"},"modified":"2025-03-10T02:43:12","modified_gmt":"2025-03-10T02:43:12","slug":"haddad-preve-queda-da-inflacao-em-2025-por-causa-de-supersafra","status":"publish","type":"post","link":"https:\/\/revistavalorenegocios.com\/?p=4643","title":{"rendered":"Haddad prev\u00ea queda da infla\u00e7\u00e3o em 2025 por causa de supersafra"},"content":{"rendered":"\n<p>O&nbsp;<strong>ministro da Fazenda, Fernando Haddad, disse na noite desta sexta-feira (7) que a infla\u00e7\u00e3o dos alimentos dever\u00e1 diminuir em 2025, influenciada principalmente pela super safra<\/strong>&nbsp;prevista para este ano. O ministro acrescentou que a queda do d\u00f3lar tamb\u00e9m dever\u00e1 ajudar na desacelera\u00e7\u00e3o inflacion\u00e1ria.&nbsp;&nbsp;&nbsp;&nbsp;<img decoding=\"async\" src=\"https:\/\/agenciabrasil.ebc.com.br\/ebc.png?id=1633652&amp;o=node\"><img decoding=\"async\" src=\"https:\/\/agenciabrasil.ebc.com.br\/ebc.gif?id=1633652&amp;o=node\"><\/p>\n\n\n\n<p>\u201cEu acredito que uma s\u00e9rie de produtos que est\u00e3o mais caros hoje v\u00e3o ter os seus pre\u00e7os reduzidos com a entrada da safra, que vai ser muito expressiva esse ano. Vai ser uma supersafra, ao contr\u00e1rio do ano passado\u201d, disse em entrevista ao Flow Podcast, na capital paulista.<\/p>\n\n\n\n<p>\u201cA safra do ano passado n\u00e3o foi t\u00e3o boa, teve um aumento de pre\u00e7o. Teve seca, teve inunda\u00e7\u00e3o no Rio Grande do Sul, o que afetou produ\u00e7\u00e3o de arroz, teve seca no Centro-Oeste, afetou outras culturas, voc\u00ea teve problema com o milho, que ficou caro. A galinha come milho, ent\u00e3o o frango ficou caro, o ovo ficou caro\u201d, acrescentou.<\/p>\n\n\n\n<p>Haddad destacou ainda o crescimento do Produto Interno Bruto (PIB) alcan\u00e7ado pelo pa\u00eds em 2024, que atingiu 3,4%, um dos maiores do mundo. O&nbsp;<strong>ministro ressaltou que, em 2025, a eleva\u00e7\u00e3o do PIB dever\u00e1 ser um pouco menor em raz\u00e3o da infla\u00e7\u00e3o<\/strong>.&nbsp;<\/p>\n\n\n\n<p>\u201cA previs\u00e3o do Minist\u00e9rio da Fazenda \u00e9 um crescimento de 2,5% para esse ano 2025\u201d, disse.<\/p>\n\n\n\n<p>\u201cPrevis\u00e3o \u00e9 previs\u00e3o, voc\u00ea pode errar. Mas eu acredito que n\u00f3s vamos continuar crescendo com um pouquinho mais de modera\u00e7\u00e3o por causa da infla\u00e7\u00e3o\u201d, acrescentou.&nbsp;<\/p>\n\n\n\n<p>Segundo o Haddad, o&nbsp;<strong>pa\u00eds ter\u00e1 de \u201cmoderar\u201d na oferta de produtos para acompanhar a demanda e n\u00e3o gerar infla\u00e7\u00e3o<\/strong>.<\/p>\n\n\n\n<p>\u201cA renda das fam\u00edlias cresceu, elas est\u00e3o comprando mais e se a oferta n\u00e3o acompanha o crescimento da demanda, voc\u00ea tem um ajuste no pre\u00e7o, que \u00e9 o que est\u00e1 acontecendo em alguns produtos agora\u201d.<\/p>\n\n\n\n<p>\u201cEssa calibragem, ela \u00e9 fundamental para voc\u00ea continuar crescendo, mas mantendo a infla\u00e7\u00e3o minimamente controlada\u201d, acrescentou.<\/p>\n","protected":false},"excerpt":{"rendered":"<p>O&nbsp;ministro da Fazenda, Fernando Haddad, disse na noite desta sexta-feira (7) que a infla\u00e7\u00e3o dos alimentos dever\u00e1 diminuir em 2025, influenciada principalmente pela super safra&nbsp;prevista para este ano. O ministro acrescentou que a queda do d\u00f3lar tamb\u00e9m dever\u00e1 ajudar na desacelera\u00e7\u00e3o inflacion\u00e1ria.&nbsp;&nbsp;&nbsp;&nbsp; \u201cEu acredito que uma s\u00e9rie de produtos que est\u00e3o mais caros hoje v\u00e3o [&hellip;]<\/p>\n","protected":false},"author":3,"featured_media":4644,"comment_status":"open","ping_status":"open","sticky":false,"template":"","format":"standard","meta":{"footnotes":""},"categories":[131],"tags":[],"class_list":{"0":"post-4643","1":"post","2":"type-post","3":"status-publish","4":"format-standard","5":"has-post-thumbnail","7":"category-economia"},"_links":{"self":[{"href":"https:\/\/revistavalorenegocios.com\/index.php?rest_route=\/wp\/v2\/posts\/4643","targetHints":{"allow":["GET"]}}],"collection":[{"href":"https:\/\/revistavalorenegocios.com\/index.php?rest_route=\/wp\/v2\/posts"}],"about":[{"href":"https:\/\/revistavalorenegocios.com\/index.php?rest_route=\/wp\/v2\/types\/post"}],"author":[{"embeddable":true,"href":"https:\/\/revistavalorenegocios.com\/index.php?rest_route=\/wp\/v2\/users\/3"}],"replies":[{"embeddable":true,"href":"https:\/\/revistavalorenegocios.com\/index.php?rest_route=%2Fwp%2Fv2%2Fcomments&post=4643"}],"version-history":[{"count":1,"href":"https:\/\/revistavalorenegocios.com\/index.php?rest_route=\/wp\/v2\/posts\/4643\/revisions"}],"predecessor-version":[{"id":4645,"href":"https:\/\/revistavalorenegocios.com\/index.php?rest_route=\/wp\/v2\/posts\/4643\/revisions\/4645"}],"wp:featuredmedia":[{"embeddable":true,"href":"https:\/\/revistavalorenegocios.com\/index.php?rest_route=\/wp\/v2\/media\/4644"}],"wp:attachment":[{"href":"https:\/\/revistavalorenegocios.com\/index.php?rest_route=%2Fwp%2Fv2%2Fmedia&parent=4643"}],"wp:term":[{"taxonomy":"category","embeddable":true,"href":"https:\/\/revistavalorenegocios.com\/index.php?rest_route=%2Fwp%2Fv2%2Fcategories&post=4643"},{"taxonomy":"post_tag","embeddable":true,"href":"https:\/\/revistavalorenegocios.com\/index.php?rest_route=%2Fwp%2Fv2%2Ftags&post=4643"}],"curies":[{"name":"wp","href":"https:\/\/api.w.org\/{rel}","templated":true}]}}