{"id":4681,"date":"2025-03-25T20:24:00","date_gmt":"2025-03-25T20:24:00","guid":{"rendered":"https:\/\/revistavalorenegocios.com\/?p=4681"},"modified":"2025-03-28T05:25:06","modified_gmt":"2025-03-28T05:25:06","slug":"dolar-cai-para-r-570-com-dados-fracos-dos-eua-e-ata-do-copom","status":"publish","type":"post","link":"https:\/\/revistavalorenegocios.com\/?p=4681","title":{"rendered":"D\u00f3lar cai para R$ 5,70 com dados fracos dos EUA e ata do Copom"},"content":{"rendered":"\n<p>A divulga\u00e7\u00e3o de dados fracos da economia norte-americana e o tom duro da ata do Comit\u00ea de Pol\u00edtica Monet\u00e1ria (Copom) fizeram o mercado financeiro ter um dia de euforia nesta ter\u00e7a-feira (25).&nbsp;<strong>O d\u00f3lar caiu quase 1% ap\u00f3s tr\u00eas altas, e a bolsa subiu pouco mais de 0,5%<\/strong>, aproximando-se do n\u00edvel m\u00e1ximo do ano.<img decoding=\"async\" src=\"https:\/\/agenciabrasil.ebc.com.br\/ebc.png?id=1635952&amp;o=node\"><img decoding=\"async\" src=\"https:\/\/agenciabrasil.ebc.com.br\/ebc.gif?id=1635952&amp;o=node\"><\/p>\n\n\n\n<p>O d\u00f3lar comercial encerrou esta ter\u00e7a vendido a R$ 5,709, com queda de R$ 0,043 (-0,75%). A cota\u00e7\u00e3o come\u00e7ou o dia em queda livre, chegando a R$ 5,67 pouco depois das 12h. Durante a tarde, acomodou-se em torno de R$ 5,70, com investidores aproveitando o valor barato para comprar d\u00f3lares.<\/p>\n\n\n\n<p><strong>Com o desempenho desta ter\u00e7a, a moeda norte-americana cai 3,5% em mar\u00e7o. Em 2025, a divisa recua 7,62%.<\/strong><\/p>\n\n\n\n<h2 class=\"wp-block-heading\">Bolsa<\/h2>\n\n\n\n<p>O mercado de a\u00e7\u00f5es teve um dia de ganhos.&nbsp;<strong>O \u00edndice Ibovespa, da B3, fechou aos 132.068 pontos, com alta de 0,57%.<\/strong>&nbsp;O indicador chegou a subir 1,64% \u00e0s 12h48, mas perdeu for\u00e7a durante a tarde. Na \u00faltima quarta-feira (19), a bolsa brasileira tinha fechado no maior n\u00edvel do ano, aos 132.508 pontos.<\/p>\n\n\n\n<p>Tanto fatores internos como externos trouxeram otimismo ao mercado financeiro. No cen\u00e1rio interno, o Banco Central (BC) confirmou que a Taxa Selic (juros b\u00e1sicos da economia) pode permanecer alta por mais tempo que o previsto, caso a economia acelere menos que o esperado.<\/p>\n\n\n\n<p>A informa\u00e7\u00e3o foi divulgada na ata da reuni\u00e3o da semana passada do Copom, que\u00a0elevou os juros b\u00e1sicos para 14,25% ao ano.\u00a0Juros altos ajudam a atrair capital financeiro do exterior.<\/p>\n\n\n\n<p>No cen\u00e1rio internacional, o \u00edndice de confian\u00e7a ao consumidor dos Estados Unidos caiu de 98,3 pontos em fevereiro para 92,9 pontos em mar\u00e7o, ficando abaixo do previsto. O dado fez o d\u00f3lar cair em todo o planeta, porque reduz as chances de o Federal Reserve (Fed, Banco Central norte-americano) diminuir os cortes de juros da maior economia do planeta em 2025.<\/p>\n\n\n\n<p><em>* com informa\u00e7\u00f5es da Reuters<\/em><\/p>\n","protected":false},"excerpt":{"rendered":"<p>A divulga\u00e7\u00e3o de dados fracos da economia norte-americana e o tom duro da ata do Comit\u00ea de Pol\u00edtica Monet\u00e1ria (Copom) fizeram o mercado financeiro ter um dia de euforia nesta ter\u00e7a-feira (25).&nbsp;O d\u00f3lar caiu quase 1% ap\u00f3s tr\u00eas altas, e a bolsa subiu pouco mais de 0,5%, aproximando-se do n\u00edvel m\u00e1ximo do ano. O d\u00f3lar [&hellip;]<\/p>\n","protected":false},"author":3,"featured_media":4682,"comment_status":"open","ping_status":"open","sticky":false,"template":"","format":"standard","meta":{"footnotes":""},"categories":[135],"tags":[],"class_list":{"0":"post-4681","1":"post","2":"type-post","3":"status-publish","4":"format-standard","5":"has-post-thumbnail","7":"category-cambio"},"_links":{"self":[{"href":"https:\/\/revistavalorenegocios.com\/index.php?rest_route=\/wp\/v2\/posts\/4681","targetHints":{"allow":["GET"]}}],"collection":[{"href":"https:\/\/revistavalorenegocios.com\/index.php?rest_route=\/wp\/v2\/posts"}],"about":[{"href":"https:\/\/revistavalorenegocios.com\/index.php?rest_route=\/wp\/v2\/types\/post"}],"author":[{"embeddable":true,"href":"https:\/\/revistavalorenegocios.com\/index.php?rest_route=\/wp\/v2\/users\/3"}],"replies":[{"embeddable":true,"href":"https:\/\/revistavalorenegocios.com\/index.php?rest_route=%2Fwp%2Fv2%2Fcomments&post=4681"}],"version-history":[{"count":1,"href":"https:\/\/revistavalorenegocios.com\/index.php?rest_route=\/wp\/v2\/posts\/4681\/revisions"}],"predecessor-version":[{"id":4683,"href":"https:\/\/revistavalorenegocios.com\/index.php?rest_route=\/wp\/v2\/posts\/4681\/revisions\/4683"}],"wp:featuredmedia":[{"embeddable":true,"href":"https:\/\/revistavalorenegocios.com\/index.php?rest_route=\/wp\/v2\/media\/4682"}],"wp:attachment":[{"href":"https:\/\/revistavalorenegocios.com\/index.php?rest_route=%2Fwp%2Fv2%2Fmedia&parent=4681"}],"wp:term":[{"taxonomy":"category","embeddable":true,"href":"https:\/\/revistavalorenegocios.com\/index.php?rest_route=%2Fwp%2Fv2%2Fcategories&post=4681"},{"taxonomy":"post_tag","embeddable":true,"href":"https:\/\/revistavalorenegocios.com\/index.php?rest_route=%2Fwp%2Fv2%2Ftags&post=4681"}],"curies":[{"name":"wp","href":"https:\/\/api.w.org\/{rel}","templated":true}]}}