{"id":4687,"date":"2025-03-22T17:28:00","date_gmt":"2025-03-22T17:28:00","guid":{"rendered":"https:\/\/revistavalorenegocios.com\/?p=4687"},"modified":"2025-03-28T05:30:39","modified_gmt":"2025-03-28T05:30:39","slug":"veja-quem-precisa-declarar-o-imposto-de-renda-em-2025","status":"publish","type":"post","link":"https:\/\/revistavalorenegocios.com\/?p=4687","title":{"rendered":"Veja quem precisa declarar o imposto de renda em 2025"},"content":{"rendered":"\n<p>Em 2025, a Receita Federal espera receber 46,2 milh\u00f5es de declara\u00e7\u00f5es do Imposto de Renda, ou seja, cerca de um quinto da popula\u00e7\u00e3o ter\u00e1 que prestar contas ao Fisco neste ano.\u00a0<strong>Afinal,\u00a0quem precisa declarar o Imposto de Renda?<\/strong><img decoding=\"async\" src=\"https:\/\/agenciabrasil.ebc.com.br\/ebc.png?id=1635554&amp;o=node\"><img decoding=\"async\" src=\"https:\/\/agenciabrasil.ebc.com.br\/ebc.gif?id=1635554&amp;o=node\"><\/p>\n\n\n\n<p>A\u00a0<strong>obrigatoriedade est\u00e1 relacionada aos ganhos recebidos e o patrim\u00f4nio do contribuinte em 2024<\/strong>, conforme\u00a0a\u00a0<a href=\"https:\/\/www.in.gov.br\/en\/web\/dou\/-\/instrucao-normativa-rfb-n-2.255-de-11-de-marco-de-2025-617338752\" target=\"_blank\" rel=\"noreferrer noopener\">normativa 2255<\/a>, divulgada pela Receita Federal em mar\u00e7o deste ano.<\/p>\n\n\n\n<p><strong>Veja quem precisa declarar o Imposto de Renda:<\/strong><\/p>\n\n\n\n<ul class=\"wp-block-list\">\n<li><strong>Rendimentos acima de R$ 33.888:<\/strong>\u00a0quem recebeu<strong>\u00a0<\/strong>rendimentos tribut\u00e1veis, como sal\u00e1rio, f\u00e9rias, aposentadoria ou pens\u00e3o por morte, acima de R$ 33.888 \u00e9 obrigado\u00a0a fazer a declara\u00e7\u00e3o do Imposto de Renda.&#8221;Se, em 2024, a pessoa recebeu mais de R$ 33.888, ela tem que declarar este ano. Se ela recebeu outros tipos de rendimentos que n\u00e3o s\u00e3o os tribut\u00e1veis, mas s\u00e3o rendimentos isentos ou com tributa\u00e7\u00e3o exclusiva na fonte de\u00a0valor superior a R$ 200 mil, tamb\u00e9m est\u00e1 obrigada.\u00a0Quem possu\u00eda, em 31 de dezembro de 2024,\u00a0somat\u00f3rio de bens acima\u00a0de R$ 800 mil\u00a0tamb\u00e9m est\u00e1 obrigado a declarar&#8221;, explica o auditor-fiscal da Receita Federal, Jos\u00e9 Carlos Fonseca.\u00a0<br>\u00a0<\/li>\n\n\n\n<li><strong>Atividade rural:<\/strong>\u00a0\u00e9 obrigat\u00f3ria a declara\u00e7\u00e3o para quem teve receita bruta acima de R$ 169.440 ou pretende compensar preju\u00edzos de 2024 ou anos anteriores.<br>\u00a0<\/li>\n\n\n\n<li><strong>Investimentos fora do pa\u00eds:<\/strong>\u00a0&#8220;A Lei n\u00ba 14754 determinou\u00a0que o imposto que se paga desses rendimentos de aplica\u00e7\u00f5es no exterior deixou de ser mensal e passou a ser anual. Ent\u00e3o, ano passado, em 2024, n\u00e3o houve cobran\u00e7a de imposto sobre os rendimentos recebidos em 2024, porque agora, eles dever\u00e3o ser colocados na declara\u00e7\u00e3o deste ano, de 2025, e v\u00e3o ser\u00a0tributados nesta declara\u00e7\u00e3o&#8221;, diz o auditor-fiscal.<br>\u00a0<\/li>\n\n\n\n<li><strong>Valores de im\u00f3veis:<\/strong>\u00a0quem tem\u00a0im\u00f3veis e os valores foram atualizados no final de 2024, com o pagamento de um imposto sobre ganho de capital diferenciado de 4%,\u00a0tamb\u00e9m est\u00e1 obrigado a declarar, segundo o auditor-fiscal.\u00a0<br>\u00a0<\/li>\n\n\n\n<li><strong>Residente no Brasil:<\/strong>\u00a0quem passou \u00e0 condi\u00e7\u00e3o de residente no Brasil em 2024 tamb\u00e9m deve apresentar a declara\u00e7\u00e3o do Imposto de Renda.<\/li>\n<\/ul>\n\n\n\n<h2 class=\"wp-block-heading\">N\u00e3o sou obrigado a declarar o IR, mas posso fazer?<\/h2>\n\n\n\n<p>Agora, surge outra quest\u00e3o: e&nbsp;<strong>se a pessoa n\u00e3o for obrigada a declarar, ela pode fazer isso voluntariamente?<\/strong><\/p>\n\n\n\n<p>O professor Deypson Carvalho, coordenador adjunto do curso de Ci\u00eancias Cont\u00e1beis do Centro Universit\u00e1rio do Distrito Federal&nbsp;(UDF), esclarece:<\/p>\n\n\n\n<p>&#8220;A pessoa f\u00edsica, ainda que desobrigada, pode apresentar a Declara\u00e7\u00e3o de Ajuste Anual \u00e0 Receita Federal do Brasil, observando-se que \u00e9 vedado a um mesmo contribuinte constar simultaneamente em mais de uma declara\u00e7\u00e3o, seja como titular ou dependente, exceto em casos de altera\u00e7\u00e3o na rela\u00e7\u00e3o de depend\u00eancia no ano-calend\u00e1rio de 2024&#8221;.<\/p>\n\n\n\n<h2 class=\"wp-block-heading\">O que mudou no IR de 2025?<\/h2>\n\n\n\n<p>A professora do curso de Ci\u00eancias Cont\u00e1beis da Faculdade Anhanguera, Val\u00e9ria Vanessa Eduardo, destaca uma\u00a0<strong>mudan\u00e7a na ordem de restitui\u00e7\u00e3o do Imposto de Renda<\/strong>.<\/p>\n\n\n\n<p>&#8220;Quem optar por receber atrav\u00e9s&nbsp;de Pix e tamb\u00e9m fazer a declara\u00e7\u00e3o pr\u00e9-preenchida ter\u00e1 prioridade sobre quem apenas fizer a pr\u00e9-preenchida ou aceitar o pagamento via Pix. Vale lembrar que as prioridades legais foram mantidas, beneficiando idosos, pessoas com defici\u00eancia, doentes graves e aqueles cuja maior fonte de renda seja o magist\u00e9rio.&#8221;<\/p>\n\n\n\n<p>H\u00e1 mudan\u00e7as, ainda, em campos da declara\u00e7\u00e3o como, por exemplo, no&nbsp;<strong>fim da exig\u00eancia do&nbsp;preenchimento de t\u00edtulo de eleitor, c\u00f3digos de consulado e embaixada para residentes no exterior e n\u00famero da \u00faltima declara\u00e7\u00e3o<\/strong>.<\/p>\n\n\n\n<p>Al\u00e9m disso, o aplicativo Meu Imposto de Renda foi extinto. A declara\u00e7\u00e3o deve ser feita pelo&nbsp;<a href=\"https:\/\/www.gov.br\/receitafederal\/pt-br\/centrais-de-conteudo\/download\/app\/rfb\" target=\"_blank\" rel=\"noreferrer noopener\">aplicativo da&nbsp;Receita Federal<\/a>&nbsp;ou pela plataforma&nbsp;<a href=\"https:\/\/sso.acesso.gov.br\/login?client_id=portal-logado.estaleiro.serpro.gov.br&amp;authorization_id=195ba18c59b\" target=\"_blank\" rel=\"noreferrer noopener\">Gov.br<\/a>.&nbsp;<\/p>\n\n\n\n<p>O&nbsp;<strong>prazo para declara\u00e7\u00e3o do Imposto de Renda 2025 come\u00e7ou no dia 17 de mar\u00e7o e vai at\u00e9 o dia 30 de maio<\/strong>. Para quem deseja fazer a declara\u00e7\u00e3o pr\u00e9-preenchida, os dados completos ser\u00e3o disponibilizados a partir de 1\u00ba de abril.&nbsp;<\/p>\n\n\n\n<h2 class=\"wp-block-heading\">Se eu n\u00e3o declarar o IR, o que ocorre?<\/h2>\n\n\n\n<p>As&nbsp;<strong>san\u00e7\u00f5es para quem n\u00e3o entrega a declara\u00e7\u00e3o v\u00e3o desde multa m\u00ednima de R$ 165,74 a 20% do imposto devido<\/strong>&nbsp;at\u00e9 a altera\u00e7\u00e3o do CPF para &#8220;pendente de regulariza\u00e7\u00e3o&#8221; pela Receita Federal, o que impede o contribuinte de realizar transa\u00e7\u00f5es banc\u00e1rias.<\/p>\n\n\n\n<p>O prazo para declarar o Imposto de Renda 2025 vai at\u00e9 o dia 30 de maio.<\/p>\n","protected":false},"excerpt":{"rendered":"<p>Em 2025, a Receita Federal espera receber 46,2 milh\u00f5es de declara\u00e7\u00f5es do Imposto de Renda, ou seja, cerca de um quinto da popula\u00e7\u00e3o ter\u00e1 que prestar contas ao Fisco neste ano.\u00a0Afinal,\u00a0quem precisa declarar o Imposto de Renda? A\u00a0obrigatoriedade est\u00e1 relacionada aos ganhos recebidos e o patrim\u00f4nio do contribuinte em 2024, conforme\u00a0a\u00a0normativa 2255, divulgada pela Receita [&hellip;]<\/p>\n","protected":false},"author":3,"featured_media":4688,"comment_status":"open","ping_status":"open","sticky":false,"template":"","format":"standard","meta":{"footnotes":""},"categories":[131],"tags":[],"class_list":{"0":"post-4687","1":"post","2":"type-post","3":"status-publish","4":"format-standard","5":"has-post-thumbnail","7":"category-economia"},"_links":{"self":[{"href":"https:\/\/revistavalorenegocios.com\/index.php?rest_route=\/wp\/v2\/posts\/4687","targetHints":{"allow":["GET"]}}],"collection":[{"href":"https:\/\/revistavalorenegocios.com\/index.php?rest_route=\/wp\/v2\/posts"}],"about":[{"href":"https:\/\/revistavalorenegocios.com\/index.php?rest_route=\/wp\/v2\/types\/post"}],"author":[{"embeddable":true,"href":"https:\/\/revistavalorenegocios.com\/index.php?rest_route=\/wp\/v2\/users\/3"}],"replies":[{"embeddable":true,"href":"https:\/\/revistavalorenegocios.com\/index.php?rest_route=%2Fwp%2Fv2%2Fcomments&post=4687"}],"version-history":[{"count":1,"href":"https:\/\/revistavalorenegocios.com\/index.php?rest_route=\/wp\/v2\/posts\/4687\/revisions"}],"predecessor-version":[{"id":4689,"href":"https:\/\/revistavalorenegocios.com\/index.php?rest_route=\/wp\/v2\/posts\/4687\/revisions\/4689"}],"wp:featuredmedia":[{"embeddable":true,"href":"https:\/\/revistavalorenegocios.com\/index.php?rest_route=\/wp\/v2\/media\/4688"}],"wp:attachment":[{"href":"https:\/\/revistavalorenegocios.com\/index.php?rest_route=%2Fwp%2Fv2%2Fmedia&parent=4687"}],"wp:term":[{"taxonomy":"category","embeddable":true,"href":"https:\/\/revistavalorenegocios.com\/index.php?rest_route=%2Fwp%2Fv2%2Fcategories&post=4687"},{"taxonomy":"post_tag","embeddable":true,"href":"https:\/\/revistavalorenegocios.com\/index.php?rest_route=%2Fwp%2Fv2%2Ftags&post=4687"}],"curies":[{"name":"wp","href":"https:\/\/api.w.org\/{rel}","templated":true}]}}