{"id":4753,"date":"2025-05-22T08:33:00","date_gmt":"2025-05-22T08:33:00","guid":{"rendered":"https:\/\/revistavalorenegocios.com\/?p=4753"},"modified":"2025-05-22T15:34:25","modified_gmt":"2025-05-22T15:34:25","slug":"caixa-paga-bolsa-familia-a-beneficiarios-com-nis-de-final-4","status":"publish","type":"post","link":"https:\/\/revistavalorenegocios.com\/?p=4753","title":{"rendered":"Caixa paga Bolsa Fam\u00edlia a benefici\u00e1rios com NIS de final 4"},"content":{"rendered":"\n<p>A Caixa Econ\u00f4mica Federal paga nesta quinta-feira (22) a parcela de maio do novo Bolsa Fam\u00edlia aos benefici\u00e1rios com N\u00famero de Inscri\u00e7\u00e3o Social (NIS) de final 4.<img decoding=\"async\" src=\"https:\/\/agenciabrasil.ebc.com.br\/ebc.png?id=1643545&amp;o=node\"><img decoding=\"async\" src=\"https:\/\/agenciabrasil.ebc.com.br\/ebc.gif?id=1643545&amp;o=node\"><\/p>\n\n\n\n<p>O valor m\u00ednimo corresponde a R$ 600, mas com o novo adicional&nbsp;<strong>o valor m\u00e9dio do benef\u00edcio sobe para R$ 667,49.&nbsp;<\/strong>Segundo o Minist\u00e9rio do Desenvolvimento e Assist\u00eancia Social, neste m\u00eas o programa de transfer\u00eancia de renda do Governo Federal alcan\u00e7ar\u00e1 20,46 milh\u00f5es de fam\u00edlias, com gasto de R$ 13,64 bilh\u00f5es.<\/p>\n\n\n\n<p>Al\u00e9m do benef\u00edcio m\u00ednimo, h\u00e1 o pagamento de tr\u00eas adicionais.&nbsp;<strong>O Benef\u00edcio Vari\u00e1vel Familiar Nutriz paga seis parcelas de R$ 50 a m\u00e3es de beb\u00eas de at\u00e9 seis meses de idade, para garantir a alimenta\u00e7\u00e3o da crian\u00e7a. O Bolsa Fam\u00edlia tamb\u00e9m paga um acr\u00e9scimo de R$ 50 a fam\u00edlias com gestantes e filhos de 7 a 18 anos e outro, de R$ 150, a fam\u00edlias com crian\u00e7as de at\u00e9 6 anos.<\/strong><\/p>\n\n\n\n<p>No modelo tradicional do Bolsa Fam\u00edlia, o pagamento ocorre nos \u00faltimos dez dias \u00fateis de cada m\u00eas. O benefici\u00e1rio poder\u00e1 consultar informa\u00e7\u00f5es sobre as datas de pagamento, o valor do benef\u00edcio e a composi\u00e7\u00e3o das parcelas no aplicativo&nbsp;<a href=\"https:\/\/play.google.com\/store\/apps\/details?id=br.gov.caixa.tem&amp;hl=pt_BR\" target=\"_blank\" rel=\"noreferrer noopener\">Caixa Tem<\/a>, usado para acompanhar as contas poupan\u00e7a digitais do banco.<\/p>\n\n\n\n<p>Os benefici\u00e1rios de 168 cidades receberam o pagamento na segunda-feira (19), independentemente do NIS. A medida beneficiou moradores de sete estados, afetados por chuvas ou por estiagens ou com povos ind\u00edgenas em situa\u00e7\u00e3o de vulnerabilidade: Amazonas, Paran\u00e1, Piau\u00ed, Rio de Janeiro, Roraima, S\u00e3o Paulo e Sergipe.<\/p>\n\n\n\n<p>A lista dos munic\u00edpios com pagamento antecipado est\u00e1 dispon\u00edvel na&nbsp;<a href=\"https:\/\/www.gov.br\/mds\/pt-br\/noticias-e-conteudos\/desenvolvimento-social\/noticias-desenvolvimento-social\/mds-unifica-pagamento-do-bolsa-familia-para-168-municipios-em-maio\" target=\"_blank\" rel=\"noreferrer noopener\">p\u00e1gina<\/a>&nbsp;do Minist\u00e9rio do Desenvolvimento e Assist\u00eancia Social.<\/p>\n\n\n\n<p>Desde o ano passado, os benefici\u00e1rios do Bolsa Fam\u00edlia n\u00e3o t\u00eam mais o desconto do Seguro Defeso. A mudan\u00e7a foi estabelecida pela&nbsp;<a href=\"https:\/\/www.planalto.gov.br\/ccivil_03\/_ato2023-2026\/2023\/lei\/l14601.htm\" target=\"_blank\" rel=\"noreferrer noopener\">Lei 14.601\/2023<\/a>, que resgatou o Programa Bolsa Fam\u00edlia (PBF). O Seguro Defeso \u00e9 pago a pessoas que sobrevivem exclusivamente da pesca artesanal e que n\u00e3o podem exercer a atividade durante o per\u00edodo da piracema (reprodu\u00e7\u00e3o dos peixes).<\/p>\n\n\n\n<h2 class=\"wp-block-heading\">Regra de prote\u00e7\u00e3o<\/h2>\n\n\n\n<p>Cerca de 3,02 milh\u00f5es de fam\u00edlias est\u00e3o na regra de prote\u00e7\u00e3o em maio. Em vigor desde junho de 2023, essa regra permite que fam\u00edlias cujos membros consigam emprego e melhorem a renda recebam 50% do benef\u00edcio a que teriam direito por at\u00e9 dois anos, desde que cada integrante receba o equivalente a at\u00e9 meio sal\u00e1rio m\u00ednimo. Para essas fam\u00edlias, o benef\u00edcio m\u00e9dio ficou em R$ 366,07.<\/p>\n\n\n\n<p>A partir do pr\u00f3ximo m\u00eas, o tempo de perman\u00eancia na\u00a0regra de prote\u00e7\u00e3o\u00a0ser\u00e1 reduzido de dois para um ano. No entanto, a mudan\u00e7a s\u00f3 abranger\u00e1 as novas fam\u00edlias que entrarem na fase de transi\u00e7\u00e3o. Quem se enquadrou na regra at\u00e9 maio deste ano continuar\u00e1 a receber metade do benef\u00edcio por dois anos.<\/p>\n\n\n\n<h2 class=\"wp-block-heading\">Aux\u00edlio G\u00e1s<\/h2>\n\n\n\n<p>Neste m\u00eas n\u00e3o haver\u00e1 o pagamento do Aux\u00edlio G\u00e1s, que beneficia fam\u00edlias cadastradas no Cad\u00danico. Como o benef\u00edcio s\u00f3 \u00e9 pago a cada dois meses, o pagamento voltar\u00e1 em junho.<\/p>\n\n\n\n<p>S\u00f3 pode receber o Aux\u00edlio G\u00e1s quem est\u00e1 inclu\u00eddo no Cad\u00danico e tenha pelo menos um membro da fam\u00edlia que receba o Benef\u00edcio de Presta\u00e7\u00e3o Continuada (BPC). A lei que criou o programa definiu que a mulher respons\u00e1vel pela fam\u00edlia ter\u00e1 prefer\u00eancia, assim como mulheres v\u00edtimas de viol\u00eancia dom\u00e9stica.<\/p>\n","protected":false},"excerpt":{"rendered":"<p>A Caixa Econ\u00f4mica Federal paga nesta quinta-feira (22) a parcela de maio do novo Bolsa Fam\u00edlia aos benefici\u00e1rios com N\u00famero de Inscri\u00e7\u00e3o Social (NIS) de final 4. O valor m\u00ednimo corresponde a R$ 600, mas com o novo adicional&nbsp;o valor m\u00e9dio do benef\u00edcio sobe para R$ 667,49.&nbsp;Segundo o Minist\u00e9rio do Desenvolvimento e Assist\u00eancia Social, neste [&hellip;]<\/p>\n","protected":false},"author":3,"featured_media":4754,"comment_status":"open","ping_status":"open","sticky":false,"template":"","format":"standard","meta":{"footnotes":""},"categories":[131],"tags":[],"class_list":{"0":"post-4753","1":"post","2":"type-post","3":"status-publish","4":"format-standard","5":"has-post-thumbnail","7":"category-economia"},"_links":{"self":[{"href":"https:\/\/revistavalorenegocios.com\/index.php?rest_route=\/wp\/v2\/posts\/4753","targetHints":{"allow":["GET"]}}],"collection":[{"href":"https:\/\/revistavalorenegocios.com\/index.php?rest_route=\/wp\/v2\/posts"}],"about":[{"href":"https:\/\/revistavalorenegocios.com\/index.php?rest_route=\/wp\/v2\/types\/post"}],"author":[{"embeddable":true,"href":"https:\/\/revistavalorenegocios.com\/index.php?rest_route=\/wp\/v2\/users\/3"}],"replies":[{"embeddable":true,"href":"https:\/\/revistavalorenegocios.com\/index.php?rest_route=%2Fwp%2Fv2%2Fcomments&post=4753"}],"version-history":[{"count":1,"href":"https:\/\/revistavalorenegocios.com\/index.php?rest_route=\/wp\/v2\/posts\/4753\/revisions"}],"predecessor-version":[{"id":4755,"href":"https:\/\/revistavalorenegocios.com\/index.php?rest_route=\/wp\/v2\/posts\/4753\/revisions\/4755"}],"wp:featuredmedia":[{"embeddable":true,"href":"https:\/\/revistavalorenegocios.com\/index.php?rest_route=\/wp\/v2\/media\/4754"}],"wp:attachment":[{"href":"https:\/\/revistavalorenegocios.com\/index.php?rest_route=%2Fwp%2Fv2%2Fmedia&parent=4753"}],"wp:term":[{"taxonomy":"category","embeddable":true,"href":"https:\/\/revistavalorenegocios.com\/index.php?rest_route=%2Fwp%2Fv2%2Fcategories&post=4753"},{"taxonomy":"post_tag","embeddable":true,"href":"https:\/\/revistavalorenegocios.com\/index.php?rest_route=%2Fwp%2Fv2%2Ftags&post=4753"}],"curies":[{"name":"wp","href":"https:\/\/api.w.org\/{rel}","templated":true}]}}