{"id":4779,"date":"2025-06-06T08:15:00","date_gmt":"2025-06-06T08:15:00","guid":{"rendered":"https:\/\/revistavalorenegocios.com\/?p=4779"},"modified":"2025-06-07T00:16:59","modified_gmt":"2025-06-07T00:16:59","slug":"preco-da-cesta-basica-cai-em-15-de-17-capitais-pesquisadas","status":"publish","type":"post","link":"https:\/\/revistavalorenegocios.com\/?p=4779","title":{"rendered":"Pre\u00e7o da cesta b\u00e1sica cai em 15 de 17 capitais pesquisadas"},"content":{"rendered":"\n<p><strong>O pre\u00e7o da cesta b\u00e1sica de alimentos diminuiu em 15 capitais do pa\u00eds no m\u00eas de maio, em compara\u00e7\u00e3o a abril. As maiores quedas foram registradas no Recife (-2,56%), em Belo Horizonte (-2,50%) e Fortaleza (-2,42%). As duas altas foram registradas em Florian\u00f3polis (0,09%) e Bel\u00e9m (0,02%).<\/strong><img decoding=\"async\" src=\"https:\/\/agenciabrasil.ebc.com.br\/ebc.png?id=1645853&amp;o=node\"><img decoding=\"async\" src=\"https:\/\/agenciabrasil.ebc.com.br\/ebc.gif?id=1645853&amp;o=node\"><\/p>\n\n\n\n<p>Os dados, divulgados nesta sexta-feira (6), s\u00e3o do Departamento Intersindical de Estat\u00edstica e Estudos Socioecon\u00f4micos (Dieese), que pesquisa mensalmente o pre\u00e7o da cesta de alimentos em 17 capitais.<\/p>\n\n\n\n<p>S\u00e3o Paulo foi a capital em que o conjunto dos alimentos b\u00e1sicos apresentou o maior custo: R$ 896,15, seguida de Florian\u00f3polis (R$ 858,93), Rio de Janeiro (R$ 847,99) e Porto Alegre (R$ 819,05). Os menores valores foram registrados em Aracaju (R$ 579,54), Salvador (R$ 628,97), Recife (R$ 636,00) e Jo\u00e3o Pessoa (R$ 636,73). Nas regi\u00f5es Norte e Nordeste, a composi\u00e7\u00e3o da cesta \u00e9 diferente, geralmente com produtos mais baratos.<\/p>\n\n\n\n<p>Comparando o pre\u00e7o da cesta b\u00e1sica de maio deste ano com a do mesmo m\u00eas de 2024, houve alta em 16 das 17 capitais pesquisadas, com varia\u00e7\u00f5es que oscilaram entre 0,77%, em Natal, e 8,43%, em Vit\u00f3ria. Na capital sergipana, n\u00e3o houve varia\u00e7\u00e3o.<\/p>\n\n\n\n<p>No acumulado dos cinco primeiros meses do ano (de janeiro a maio), o custo da cesta b\u00e1sica aumentou em todas as capitais pesquisadas, com taxas que oscilaram entre 2,48%, em Campo Grande, e 9,09%, em Bel\u00e9m.<\/p>\n\n\n\n<p><strong>S\u00e3o Paulo registrou a cesta mais cara em maio.&nbsp;<\/strong>E, levando em considera\u00e7\u00e3o a determina\u00e7\u00e3o constitucional de que o sal\u00e1rio m\u00ednimo deveria ser suficiente para suprir as despesas de uma fam\u00edlia, de quatro pessoas, com alimenta\u00e7\u00e3o, moradia, sa\u00fade, educa\u00e7\u00e3o, vestu\u00e1rio, higiene, transporte, lazer e previd\u00eancia, o Dieese estimou que o valor do sal\u00e1rio m\u00ednimo necess\u00e1rio, no quinto m\u00eas do ano, deveria ser de R$ 7.528,56 ou 4,96 vezes o m\u00ednimo reajustado em R$ 1.518.<\/p>\n\n\n\n<h2 class=\"wp-block-heading\">Produtos<\/h2>\n\n\n\n<p>Em maio de 2025, o pre\u00e7o da carne de primeira subiu em 14 das 17 cidades pesquisadas, com destaque para Curitiba (alta de 3,91% em compara\u00e7\u00e3o a abril) e Florian\u00f3polis (2,68%).<\/p>\n\n\n\n<p>Houve redu\u00e7\u00e3o de pre\u00e7o em tr\u00eas cidades: S\u00e3o Paulo (-0,82%), Fortaleza (-0,65%) e Porto Alegre (-0,04%). No acumulado de 12 meses, o pre\u00e7o da carne subiu em todas as 17 capitais pesquisadas. As eleva\u00e7\u00f5es ficaram entre 7,43%, em Aracaju, e 28,86%, em Bras\u00edlia.<\/p>\n\n\n\n<p><strong>O pre\u00e7o do quilo do caf\u00e9 em p\u00f3 aumentou em 16 capitais em maio, na compara\u00e7\u00e3o com o m\u00eas anterior.<\/strong>&nbsp;Destaque para as varia\u00e7\u00f5es de Aracaju (10,70%), S\u00e3o Paulo (8,49%) e Jo\u00e3o Pessoa (7,98%). Houve redu\u00e7\u00e3o de valor em Goi\u00e2nia (-1,71%). No acumulado de 12 meses, o pre\u00e7o do caf\u00e9 apresentou alta em todas as 17 cidades pesquisadas. As eleva\u00e7\u00f5es ficaram entre 75,5% (em S\u00e3o Paulo) e 127,89% (em Vit\u00f3ria).<\/p>\n\n\n\n<p>O pre\u00e7o do arroz agulhinha caiu nas 17 capitais pesquisadas. As baixas variaram entre -12,91%, em Vit\u00f3ria, e -1,80%, em Belo Horizonte. No acumulado de 12 meses, houve, tamb\u00e9m, diminui\u00e7\u00e3o do pre\u00e7o em todas as capitais pesquisadas, com varia\u00e7\u00f5es entre -29,17%, em Vit\u00f3ria, e -3,57%, em S\u00e3o Paulo.<\/p>\n\n\n\n<p>O pre\u00e7o do tomate tamb\u00e9m ficou menor nas 17 capitais da pesquisa. As quedas variaram entre -20,85%, em Belo Horizonte, e -1,64%, em Aracaju. No acumulado de 12 meses, apenas Vit\u00f3ria (11,41%) apresentou taxa positiva. Nas demais capitais, o valor caiu, com destaque para Jo\u00e3o Pessoa (-32,22%), Natal (-27,87%) e Recife (-25,33%).<\/p>\n","protected":false},"excerpt":{"rendered":"<p>O pre\u00e7o da cesta b\u00e1sica de alimentos diminuiu em 15 capitais do pa\u00eds no m\u00eas de maio, em compara\u00e7\u00e3o a abril. As maiores quedas foram registradas no Recife (-2,56%), em Belo Horizonte (-2,50%) e Fortaleza (-2,42%). As duas altas foram registradas em Florian\u00f3polis (0,09%) e Bel\u00e9m (0,02%). Os dados, divulgados nesta sexta-feira (6), s\u00e3o do [&hellip;]<\/p>\n","protected":false},"author":3,"featured_media":4780,"comment_status":"open","ping_status":"open","sticky":false,"template":"","format":"standard","meta":{"footnotes":""},"categories":[131],"tags":[],"class_list":{"0":"post-4779","1":"post","2":"type-post","3":"status-publish","4":"format-standard","5":"has-post-thumbnail","7":"category-economia"},"_links":{"self":[{"href":"https:\/\/revistavalorenegocios.com\/index.php?rest_route=\/wp\/v2\/posts\/4779","targetHints":{"allow":["GET"]}}],"collection":[{"href":"https:\/\/revistavalorenegocios.com\/index.php?rest_route=\/wp\/v2\/posts"}],"about":[{"href":"https:\/\/revistavalorenegocios.com\/index.php?rest_route=\/wp\/v2\/types\/post"}],"author":[{"embeddable":true,"href":"https:\/\/revistavalorenegocios.com\/index.php?rest_route=\/wp\/v2\/users\/3"}],"replies":[{"embeddable":true,"href":"https:\/\/revistavalorenegocios.com\/index.php?rest_route=%2Fwp%2Fv2%2Fcomments&post=4779"}],"version-history":[{"count":1,"href":"https:\/\/revistavalorenegocios.com\/index.php?rest_route=\/wp\/v2\/posts\/4779\/revisions"}],"predecessor-version":[{"id":4781,"href":"https:\/\/revistavalorenegocios.com\/index.php?rest_route=\/wp\/v2\/posts\/4779\/revisions\/4781"}],"wp:featuredmedia":[{"embeddable":true,"href":"https:\/\/revistavalorenegocios.com\/index.php?rest_route=\/wp\/v2\/media\/4780"}],"wp:attachment":[{"href":"https:\/\/revistavalorenegocios.com\/index.php?rest_route=%2Fwp%2Fv2%2Fmedia&parent=4779"}],"wp:term":[{"taxonomy":"category","embeddable":true,"href":"https:\/\/revistavalorenegocios.com\/index.php?rest_route=%2Fwp%2Fv2%2Fcategories&post=4779"},{"taxonomy":"post_tag","embeddable":true,"href":"https:\/\/revistavalorenegocios.com\/index.php?rest_route=%2Fwp%2Fv2%2Ftags&post=4779"}],"curies":[{"name":"wp","href":"https:\/\/api.w.org\/{rel}","templated":true}]}}