{"id":4791,"date":"2025-06-12T13:34:00","date_gmt":"2025-06-12T13:34:00","guid":{"rendered":"https:\/\/revistavalorenegocios.com\/?p=4791"},"modified":"2025-06-12T18:36:59","modified_gmt":"2025-06-12T18:36:59","slug":"brasil-podera-ter-novo-recorde-na-producao-de-graos-na-safra-2024-2025","status":"publish","type":"post","link":"https:\/\/revistavalorenegocios.com\/?p=4791","title":{"rendered":"Brasil poder\u00e1 ter novo recorde na produ\u00e7\u00e3o de gr\u00e3os na safra 2024\/2025"},"content":{"rendered":"\n<p>O Brasil dever\u00e1 bater novo recorde de produ\u00e7\u00e3o de gr\u00e3os, caso se confirme a estimativa de um total de 336,1 milh\u00f5es de toneladas de gr\u00e3os a serem colhidos na safra 2024\/25.&nbsp;<strong>O resultado representa uma alta 38,6 milh\u00f5es de toneladas (ou 13%) na compara\u00e7\u00e3o com a safra anterior.<\/strong><img decoding=\"async\" src=\"https:\/\/agenciabrasil.ebc.com.br\/ebc.png?id=1646513&amp;o=node\"><img decoding=\"async\" src=\"https:\/\/agenciabrasil.ebc.com.br\/ebc.gif?id=1646513&amp;o=node\"><\/p>\n\n\n\n<p>A estimativa foi divulgada nesta quinta-feira (12) pela Companhia Nacional de Abastecimento (Conab).&nbsp;<strong>De acordo com a entidade, este ser\u00e1 \u201cum novo recorde de produ\u00e7\u00e3o\u201d, conforme sugere o 9\u00ba Levantamento da Safra de Gr\u00e3os 2024\/25.<\/strong><\/p>\n\n\n\n<p>O levantamento avalia que este \u201cbom desempenho\u201d decorre das \u201cboas produtividades das lavouras, projetada em 4.108 quilos por hectares, aliado ao aumento de 2,3% da \u00e1rea cultivada, estimada em 81,8 milh\u00f5es de hectares\u201d.<\/p>\n\n\n\n<h2 class=\"wp-block-heading\">Milho<\/h2>\n\n\n\n<p>O milho, apontado como principal produto semeado na segunda safra, tem uma produ\u00e7\u00e3o total estimada em 128,3 milh\u00f5es de toneladas.&nbsp;<strong>A colheita de milho j\u00e1 teve in\u00edcio nos estados do Mato Grosso, Mato Grosso do Sul, Minas Gerais, Tocantins, Maranh\u00e3o e Paran\u00e1.<\/strong><\/p>\n\n\n\n<p>\u201cA expectativa \u00e9 de que, apenas neste ciclo, sejam colhidas 101 milh\u00f5es de toneladas, crescimento de 12,2% se comparado com a 2\u00aa safra do gr\u00e3o na temporada passada\u201d, informou a Conab. A entidade associa o resultado \u00e0s \u201cboas produtividades alcan\u00e7adas\u201d gra\u00e7as \u00e0s \u201ccondi\u00e7\u00f5es clim\u00e1ticas favor\u00e1veis\u201d e ao \u201cmanejo adequado\u201d dos produtores do cereal, na maioria das \u00e1reas produtoras.<\/p>\n\n\n\n<p><\/p>\n\n\n\n<h2 class=\"wp-block-heading\">Algod\u00e3o, arroz e feij\u00e3o<\/h2>\n\n\n\n<p>A Conab cita, tamb\u00e9m como destaque na produ\u00e7\u00e3o, o algod\u00e3o, que j\u00e1 colheu 1,4% da \u00e1rea total semeada.&nbsp;<strong>A expectativa \u00e9 de que, confirmado o total de produ\u00e7\u00e3o estimado, de 3,9 milh\u00f5es de toneladas, o aumento seja de 5,7%, na compara\u00e7\u00e3o com a safra 2023\/24.<\/strong><\/p>\n\n\n\n<p>De acordo com a Conab, o resultado decorrer\u00e1 do aumento de 7,1% da \u00e1rea cultivada. A companhia, no entanto, pondera que, at\u00e9 o momento, as chuvas irregulares est\u00e3o \u201crefletindo em uma produtividade inferior \u00e0 observada na safra anterior, mas suficientes para manter o desenvolvimento das lavouras\u201d.<\/p>\n\n\n\n<p><strong>No caso do arroz, produto bastante relevante para o mercado interno, cuja colheita j\u00e1 se encontra praticamente finalizada, o levantamento indica crescimento de 14,9% na produ\u00e7\u00e3o, estimada em 12,15 milh\u00f5es de toneladas.<\/strong><\/p>\n\n\n\n<p>J\u00e1 o feij\u00e3o, produto cultivado em 3 ciclos anuais, tem uma produ\u00e7\u00e3o total estimada em 3,17 milh\u00f5es de toneladas, o que, segundo a Conab garante o abastecimento interno.<\/p>\n\n\n\n<p><strong>A primeira safra do produto j\u00e1 foi colhida, totalizando 1,1 milh\u00e3o de toneladas. A segunda safra j\u00e1 est\u00e1 em andamento em alguns estados, como Paran\u00e1 (98%) e Minas Gerais (74%). A terceira safra se encontra em fase de plantio.<\/strong><\/p>\n\n\n\n<h2 class=\"wp-block-heading\">Soja<\/h2>\n\n\n\n<p>Com colheita j\u00e1 finalizada, a&nbsp;<strong>soja deve fechar a safra com um total de 169,6 milh\u00f5es de toneladas, resultado que apresenta incremento de 21,9 milh\u00f5es de toneladas na compara\u00e7\u00e3o com a safra anterior, que foi recorde da s\u00e9rie hist\u00f3rica.<\/strong><\/p>\n\n\n\n<p>\u201cO bom resultado \u00e9 justificado pela utiliza\u00e7\u00e3o crescente de tecnologia pelos produtores, aliada \u00e0s boas condi\u00e7\u00f5es clim\u00e1ticas na maioria das regi\u00f5es produtoras\u201d, destaca a Conab.<\/p>\n","protected":false},"excerpt":{"rendered":"<p>O Brasil dever\u00e1 bater novo recorde de produ\u00e7\u00e3o de gr\u00e3os, caso se confirme a estimativa de um total de 336,1 milh\u00f5es de toneladas de gr\u00e3os a serem colhidos na safra 2024\/25.&nbsp;O resultado representa uma alta 38,6 milh\u00f5es de toneladas (ou 13%) na compara\u00e7\u00e3o com a safra anterior. A estimativa foi divulgada nesta quinta-feira (12) pela [&hellip;]<\/p>\n","protected":false},"author":3,"featured_media":4792,"comment_status":"open","ping_status":"open","sticky":false,"template":"","format":"standard","meta":{"footnotes":""},"categories":[134],"tags":[],"class_list":{"0":"post-4791","1":"post","2":"type-post","3":"status-publish","4":"format-standard","5":"has-post-thumbnail","7":"category-brasil"},"_links":{"self":[{"href":"https:\/\/revistavalorenegocios.com\/index.php?rest_route=\/wp\/v2\/posts\/4791","targetHints":{"allow":["GET"]}}],"collection":[{"href":"https:\/\/revistavalorenegocios.com\/index.php?rest_route=\/wp\/v2\/posts"}],"about":[{"href":"https:\/\/revistavalorenegocios.com\/index.php?rest_route=\/wp\/v2\/types\/post"}],"author":[{"embeddable":true,"href":"https:\/\/revistavalorenegocios.com\/index.php?rest_route=\/wp\/v2\/users\/3"}],"replies":[{"embeddable":true,"href":"https:\/\/revistavalorenegocios.com\/index.php?rest_route=%2Fwp%2Fv2%2Fcomments&post=4791"}],"version-history":[{"count":1,"href":"https:\/\/revistavalorenegocios.com\/index.php?rest_route=\/wp\/v2\/posts\/4791\/revisions"}],"predecessor-version":[{"id":4793,"href":"https:\/\/revistavalorenegocios.com\/index.php?rest_route=\/wp\/v2\/posts\/4791\/revisions\/4793"}],"wp:featuredmedia":[{"embeddable":true,"href":"https:\/\/revistavalorenegocios.com\/index.php?rest_route=\/wp\/v2\/media\/4792"}],"wp:attachment":[{"href":"https:\/\/revistavalorenegocios.com\/index.php?rest_route=%2Fwp%2Fv2%2Fmedia&parent=4791"}],"wp:term":[{"taxonomy":"category","embeddable":true,"href":"https:\/\/revistavalorenegocios.com\/index.php?rest_route=%2Fwp%2Fv2%2Fcategories&post=4791"},{"taxonomy":"post_tag","embeddable":true,"href":"https:\/\/revistavalorenegocios.com\/index.php?rest_route=%2Fwp%2Fv2%2Ftags&post=4791"}],"curies":[{"name":"wp","href":"https:\/\/api.w.org\/{rel}","templated":true}]}}