{"id":4795,"date":"2025-06-24T00:02:13","date_gmt":"2025-06-24T00:02:13","guid":{"rendered":"https:\/\/revistavalorenegocios.com\/?p=4795"},"modified":"2025-06-24T00:02:14","modified_gmt":"2025-06-24T00:02:14","slug":"intencao-de-consumo-das-familias-registra-alta-de-05-em-junho","status":"publish","type":"post","link":"https:\/\/revistavalorenegocios.com\/?p=4795","title":{"rendered":"Inten\u00e7\u00e3o de consumo das fam\u00edlias registra alta de 0,5% em junho"},"content":{"rendered":"\n<p><strong>A Inten\u00e7\u00e3o de Consumo das Fam\u00edlias (ICF) apresentou crescimento de 0,5% em junho, j\u00e1 descontando os efeitos sazonais. O percentual representa o melhor resultado mensal registrado desde maio de 2024.&nbsp;<\/strong><img decoding=\"async\" src=\"https:\/\/agenciabrasil.ebc.com.br\/ebc.png?id=1648058&amp;o=node\"><img decoding=\"async\" src=\"https:\/\/agenciabrasil.ebc.com.br\/ebc.gif?id=1648058&amp;o=node\"><\/p>\n\n\n\n<p>Segundo a pesquisa da Confedera\u00e7\u00e3o Nacional do Com\u00e9rcio de Bens, Servi\u00e7os e Turismo (CNC),<strong>&nbsp;na compara\u00e7\u00e3o com o mesmo m\u00eas do ano passado, o \u00edndice teve queda de -1,3%&nbsp;<\/strong><\/p>\n\n\n\n<p><strong>Em junho, o componente Acesso ao Cr\u00e9dito registrou aumento de 2,5%.&nbsp;<\/strong>Esta \u00e9 a quinta alta mensal consecutiva desse indicador, impulsionada por medidas que ampliaram a liquidez no mercado financeiro. De acordo com o estudo, 32,6% dos consumidores percebem maior facilidade para obter cr\u00e9dito, o maior pico desde abril de 2020.<\/p>\n\n\n\n<p><strong>O levantamento tamb\u00e9m aponta para um ambiente de cautela, influenciado pela\u00a0eleva\u00e7\u00e3o da taxa b\u00e1sica de juros\u00a0da economia (Selic) nos \u00faltimos meses.<\/strong>\u00a0A percep\u00e7\u00e3o sobre o momento para aquisi\u00e7\u00e3o de bens dur\u00e1veis, por exemplo, recuou 7,0% em rela\u00e7\u00e3o ao ano passado &#8211; a maior queda na lista de componentes analisados.<\/p>\n\n\n\n<p>\u201cObservamos uma melhora pontual, mas o consumidor segue atento aos sinais da economia. A combina\u00e7\u00e3o de cr\u00e9dito mais acess\u00edvel e juros elevados exige decis\u00f5es de consumo mais planejadas e criteriosas. Por isso h\u00e1 uma busca pelo equil\u00edbrio entre o desejo de consumir e a preocupa\u00e7\u00e3o de n\u00e3o comprometer o or\u00e7amento a longo prazo\u201d, avalia o presidente do Sistema CNC-Sesc-Senac, Jos\u00e9 Roberto Tadros.&nbsp;<\/p>\n\n\n\n<h2 class=\"wp-block-heading\">Mercado de Trabalho<\/h2>\n\n\n\n<p>O componente Emprego Atual apresentou uma queda de 0,1% no m\u00eas e de 1,8% no ano. J\u00e1 a Perspectiva Profissional registrou aumento de 0,5% em junho frente a maio, com avan\u00e7o de 1,7% em rela\u00e7\u00e3o ao m\u00eas equivalente em 2024, gra\u00e7as \u00e0 maior recupera\u00e7\u00e3o dos consumidores com maiores ganhos.<\/p>\n\n\n\n<h2 class=\"wp-block-heading\">G\u00eaneros<\/h2>\n\n\n\n<p>Os homens apresentaram uma queda mais expressiva da inten\u00e7\u00e3o de consumo na compara\u00e7\u00e3o anual (-1,8%) em rela\u00e7\u00e3o \u00e0s mulheres (-0,7%). Tamb\u00e9m houve diferen\u00e7a significativa no acesso ao cr\u00e9dito, com o p\u00fablico masculino apresentando alta de 1,5% e do feminino, de 3,4%. J\u00e1 a perspectiva profissional melhorou para ambos, subindo 1,9% e 1,4%, respectivamente.<\/p>\n","protected":false},"excerpt":{"rendered":"<p>A Inten\u00e7\u00e3o de Consumo das Fam\u00edlias (ICF) apresentou crescimento de 0,5% em junho, j\u00e1 descontando os efeitos sazonais. O percentual representa o melhor resultado mensal registrado desde maio de 2024.&nbsp; Segundo a pesquisa da Confedera\u00e7\u00e3o Nacional do Com\u00e9rcio de Bens, Servi\u00e7os e Turismo (CNC),&nbsp;na compara\u00e7\u00e3o com o mesmo m\u00eas do ano passado, o \u00edndice teve [&hellip;]<\/p>\n","protected":false},"author":3,"featured_media":4796,"comment_status":"open","ping_status":"open","sticky":false,"template":"","format":"standard","meta":{"footnotes":""},"categories":[131],"tags":[],"class_list":{"0":"post-4795","1":"post","2":"type-post","3":"status-publish","4":"format-standard","5":"has-post-thumbnail","7":"category-economia"},"_links":{"self":[{"href":"https:\/\/revistavalorenegocios.com\/index.php?rest_route=\/wp\/v2\/posts\/4795","targetHints":{"allow":["GET"]}}],"collection":[{"href":"https:\/\/revistavalorenegocios.com\/index.php?rest_route=\/wp\/v2\/posts"}],"about":[{"href":"https:\/\/revistavalorenegocios.com\/index.php?rest_route=\/wp\/v2\/types\/post"}],"author":[{"embeddable":true,"href":"https:\/\/revistavalorenegocios.com\/index.php?rest_route=\/wp\/v2\/users\/3"}],"replies":[{"embeddable":true,"href":"https:\/\/revistavalorenegocios.com\/index.php?rest_route=%2Fwp%2Fv2%2Fcomments&post=4795"}],"version-history":[{"count":1,"href":"https:\/\/revistavalorenegocios.com\/index.php?rest_route=\/wp\/v2\/posts\/4795\/revisions"}],"predecessor-version":[{"id":4797,"href":"https:\/\/revistavalorenegocios.com\/index.php?rest_route=\/wp\/v2\/posts\/4795\/revisions\/4797"}],"wp:featuredmedia":[{"embeddable":true,"href":"https:\/\/revistavalorenegocios.com\/index.php?rest_route=\/wp\/v2\/media\/4796"}],"wp:attachment":[{"href":"https:\/\/revistavalorenegocios.com\/index.php?rest_route=%2Fwp%2Fv2%2Fmedia&parent=4795"}],"wp:term":[{"taxonomy":"category","embeddable":true,"href":"https:\/\/revistavalorenegocios.com\/index.php?rest_route=%2Fwp%2Fv2%2Fcategories&post=4795"},{"taxonomy":"post_tag","embeddable":true,"href":"https:\/\/revistavalorenegocios.com\/index.php?rest_route=%2Fwp%2Fv2%2Ftags&post=4795"}],"curies":[{"name":"wp","href":"https:\/\/api.w.org\/{rel}","templated":true}]}}