{"id":4802,"date":"2025-07-02T22:32:00","date_gmt":"2025-07-02T22:32:00","guid":{"rendered":"https:\/\/revistavalorenegocios.com\/?p=4802"},"modified":"2025-07-03T04:34:40","modified_gmt":"2025-07-03T04:34:40","slug":"ons-determina-aumento-do-uso-de-termicas-para-garantir-energia","status":"publish","type":"post","link":"https:\/\/revistavalorenegocios.com\/?p=4802","title":{"rendered":"ONS determina aumento do uso de t\u00e9rmicas para garantir energia"},"content":{"rendered":"\n<p><strong>O Operador Nacional do Sistema El\u00e9trico (ONS), em alinhamento com o Comit\u00ea de Monitoramento do Setor El\u00e9trico (CMSE), solicitou a maximiza\u00e7\u00e3o da gera\u00e7\u00e3o t\u00e9rmica e a prontid\u00e3o das usinas.&nbsp;<\/strong>A finalidade \u00e9 assegurar o fornecimento de energia para o Sistema Interligado Nacional (SIN) durante o per\u00edodo seco e a transi\u00e7\u00e3o para o per\u00edodo \u00famido de 2025\/2026.&nbsp;<img decoding=\"async\" src=\"https:\/\/agenciabrasil.ebc.com.br\/ebc.png?id=1649241&amp;o=node\"><img decoding=\"async\" src=\"https:\/\/agenciabrasil.ebc.com.br\/ebc.gif?id=1649241&amp;o=node\"><\/p>\n\n\n\n<p><strong>A iniciativa faz parte das medidas operativas e recomenda\u00e7\u00f5es do ONS para manter o suprimento de energia no segundo semestre de 2025, visando o pleno atendimento \u00e0s demandas de carga e pot\u00eancia da sociedade brasileira.<\/strong><\/p>\n\n\n\n<p>O ONS \u00e9 o \u00f3rg\u00e3o respons\u00e1vel pela coordena\u00e7\u00e3o e controle da opera\u00e7\u00e3o das instala\u00e7\u00f5es de gera\u00e7\u00e3o e transmiss\u00e3o de energia el\u00e9trica no SIN e o CMSE \u00e9 o comit\u00ea respons\u00e1vel por monitorar o setor el\u00e9trico e propor medidas para garantir a seguran\u00e7a e a confiabilidade do fornecimento de energia.&nbsp;<\/p>\n\n\n\n<h2 class=\"wp-block-heading\">Recomenda\u00e7\u00f5es<\/h2>\n\n\n\n<p><strong>Em junho, o ONS apresentou, durante reuni\u00e3o ordin\u00e1ria do CMSE, uma s\u00e9rie de recomenda\u00e7\u00f5es para manter o atendimento de pot\u00eancia no segundo semestre e iniciar a recupera\u00e7\u00e3o dos n\u00edveis de armazenamento na regi\u00e3o Sul.<\/strong><\/p>\n\n\n\n<p>Entre as propostas para refor\u00e7ar o atendimento de pot\u00eancia est\u00e3o a utiliza\u00e7\u00e3o da capacidade de modula\u00e7\u00e3o das usinas hidrel\u00e9tricas do rio S\u00e3o Francisco e da UHE Itaipue a maximiza\u00e7\u00e3o da disponibilidade da gera\u00e7\u00e3o termel\u00e9trica.<\/p>\n\n\n\n<p>O colegiado tamb\u00e9m decidiu manter o monitoramento do subsistema Sul, que teve os n\u00edveis dos reservat\u00f3rios afetados por condi\u00e7\u00f5es meteorol\u00f3gicas desfavor\u00e1veis nos \u00faltimos meses.&nbsp;<\/p>\n\n\n\n<blockquote class=\"wp-block-quote is-layout-flow wp-block-quote-is-layout-flow\">\n<p>\u201cH\u00e1 uma perspectiva de eleva\u00e7\u00e3o dos n\u00edveis dos reservat\u00f3rios do Sul a partir de agosto, mas seguimos atentos \u00e0 regi\u00e3o. A quest\u00e3o do atendimento de pot\u00eancia no segundo semestre tamb\u00e9m se mant\u00e9m como prioridade e propusemos diferentes a\u00e7\u00f5es que v\u00e3o garantir o atendimento da demanda\u201d, afirmou o diretor-geral do ONS, Marcio Rea.<\/p>\n<\/blockquote>\n","protected":false},"excerpt":{"rendered":"<p>O Operador Nacional do Sistema El\u00e9trico (ONS), em alinhamento com o Comit\u00ea de Monitoramento do Setor El\u00e9trico (CMSE), solicitou a maximiza\u00e7\u00e3o da gera\u00e7\u00e3o t\u00e9rmica e a prontid\u00e3o das usinas.&nbsp;A finalidade \u00e9 assegurar o fornecimento de energia para o Sistema Interligado Nacional (SIN) durante o per\u00edodo seco e a transi\u00e7\u00e3o para o per\u00edodo \u00famido de 2025\/2026.&nbsp; [&hellip;]<\/p>\n","protected":false},"author":3,"featured_media":4803,"comment_status":"open","ping_status":"open","sticky":false,"template":"","format":"standard","meta":{"footnotes":""},"categories":[132],"tags":[],"class_list":{"0":"post-4802","1":"post","2":"type-post","3":"status-publish","4":"format-standard","5":"has-post-thumbnail","7":"category-energia"},"_links":{"self":[{"href":"https:\/\/revistavalorenegocios.com\/index.php?rest_route=\/wp\/v2\/posts\/4802","targetHints":{"allow":["GET"]}}],"collection":[{"href":"https:\/\/revistavalorenegocios.com\/index.php?rest_route=\/wp\/v2\/posts"}],"about":[{"href":"https:\/\/revistavalorenegocios.com\/index.php?rest_route=\/wp\/v2\/types\/post"}],"author":[{"embeddable":true,"href":"https:\/\/revistavalorenegocios.com\/index.php?rest_route=\/wp\/v2\/users\/3"}],"replies":[{"embeddable":true,"href":"https:\/\/revistavalorenegocios.com\/index.php?rest_route=%2Fwp%2Fv2%2Fcomments&post=4802"}],"version-history":[{"count":1,"href":"https:\/\/revistavalorenegocios.com\/index.php?rest_route=\/wp\/v2\/posts\/4802\/revisions"}],"predecessor-version":[{"id":4804,"href":"https:\/\/revistavalorenegocios.com\/index.php?rest_route=\/wp\/v2\/posts\/4802\/revisions\/4804"}],"wp:featuredmedia":[{"embeddable":true,"href":"https:\/\/revistavalorenegocios.com\/index.php?rest_route=\/wp\/v2\/media\/4803"}],"wp:attachment":[{"href":"https:\/\/revistavalorenegocios.com\/index.php?rest_route=%2Fwp%2Fv2%2Fmedia&parent=4802"}],"wp:term":[{"taxonomy":"category","embeddable":true,"href":"https:\/\/revistavalorenegocios.com\/index.php?rest_route=%2Fwp%2Fv2%2Fcategories&post=4802"},{"taxonomy":"post_tag","embeddable":true,"href":"https:\/\/revistavalorenegocios.com\/index.php?rest_route=%2Fwp%2Fv2%2Ftags&post=4802"}],"curies":[{"name":"wp","href":"https:\/\/api.w.org\/{rel}","templated":true}]}}