{"id":4820,"date":"2025-07-28T17:01:00","date_gmt":"2025-07-28T17:01:00","guid":{"rendered":"https:\/\/revistavalorenegocios.com\/?p=4820"},"modified":"2025-07-28T20:02:34","modified_gmt":"2025-07-28T20:02:34","slug":"taxas-medias-de-juros-ficam-estaveis-em-junho","status":"publish","type":"post","link":"https:\/\/revistavalorenegocios.com\/?p=4820","title":{"rendered":"Taxas m\u00e9dias de juros ficam est\u00e1veis em junho"},"content":{"rendered":"\n<p><strong>As taxas m\u00e9dias de juros ficaram est\u00e1veis no m\u00eas de junho deste ano. Na m\u00e9dia de todas as contrata\u00e7\u00f5es \u2013 cr\u00e9dito livre e direcionado, para fam\u00edlias e empresas \u2013 o juro chegou a 31,5% ao ano, no m\u00eas passado, com varia\u00e7\u00e3o negativa de apenas 0,1 ponto percentual (p.p.).\u00a0<\/strong>Ainda assim, a taxa est\u00e1 em n\u00edvel mais elevado, com aumento de 3,6 p.p. em 12 meses, segundo as\u00a0Estat\u00edsticas Monet\u00e1rias e de Cr\u00e9dito, divulgadas nesta segunda-feira (28) pelo Banco Central (BC).<img decoding=\"async\" src=\"https:\/\/agenciabrasil.ebc.com.br\/ebc.png?id=1652312&amp;o=node\"><img decoding=\"async\" src=\"https:\/\/agenciabrasil.ebc.com.br\/ebc.gif?id=1652312&amp;o=node\"><\/p>\n\n\n\n<p>Como esperado, a alta dos juros banc\u00e1rios acompanha o ciclo de eleva\u00e7\u00e3o da taxa b\u00e1sica de juros da economia, a\u00a0Selic, definida em 15% ao ano\u00a0pelo Comit\u00ea de Pol\u00edtica Monet\u00e1ria (Copom) do BC. A Selic \u00e9 o principal instrumento usado pelo BC para controlar a infla\u00e7\u00e3o.<\/p>\n\n\n\n<p>O Banco Central justifica o aumento da taxa com a necessidade de esfriar a demanda e conter a infla\u00e7\u00e3o, porque juros mais altos encarecem o cr\u00e9dito e estimulam a poupan\u00e7a, fazendo com que as pessoas consumam menos e os pre\u00e7os caiam. O pr\u00f3ximo encontro do Copom para definir a Selic ser\u00e1 nesta ter\u00e7a (29) e na quarta-feira (30).<\/p>\n\n\n\n<p>As estat\u00edsticas mostram que, da mesma forma, o\u00a0<em>spread<\/em>\u00a0banc\u00e1rio apresentou estabilidade no m\u00eas. Ele mede a diferen\u00e7a entre o custo de capta\u00e7\u00e3o dos recursos pelos bancos e as taxas m\u00e9dias aos clientes e ficou em 20,4, com incremento de 1,8 p.p. em 12 meses.<br><\/p>\n\n\n\n<h2 class=\"wp-block-heading\">Cr\u00e9dito livre<\/h2>\n\n\n\n<p>Nas novas contrata\u00e7\u00f5es de cr\u00e9dito para as fam\u00edlias, a taxa m\u00e9dia de juros livres atingiu 58,3% ao ano, com estabilidade no m\u00eas e alta de 5,7 p.p. em 12 meses. Entre os destaques do m\u00eas est\u00e1 o cheque especial, que subiu 2,5 p.p. em junho e 6,2 p.p. em 12 meses, para 137,5% ao ano; bem como o cr\u00e9dito pessoal n\u00e3o consignado, com alta de 4,2 p.p. no m\u00eas passado e 13,3 p.p. em 12 meses, para 108,6% ao ano.<\/p>\n\n\n\n<p>Por outro lado,&nbsp;<strong>o juro das opera\u00e7\u00f5es de cart\u00e3o de cr\u00e9dito rotativo caiu 7,9 p.p. no m\u00eas e subiu 12,7&nbsp;p.p. em 12 meses, para 441,4 % ao ano. A modalidade \u00e9 uma das mais altas do mercado.<\/strong><\/p>\n\n\n\n<p>O cr\u00e9dito rotativo dura 30 dias e \u00e9 tomado pelo consumidor quando se paga menos que o valor integral da fatura do cart\u00e3o de cr\u00e9dito \u2500 usando a parcela m\u00ednima, por exemplo. Ou seja, nesse momento, o cliente contrai um empr\u00e9stimo e come\u00e7a a pagar juros sobre o valor que n\u00e3o conseguiu quitar.<\/p>\n\n\n\n<p>Ap\u00f3s os 30 dias, as institui\u00e7\u00f5es financeiras parcelam a d\u00edvida do cart\u00e3o de cr\u00e9dito. Nesse caso do cart\u00e3o parcelado, os juros subiram 1,4 p.p. no m\u00eas e ficaram est\u00e1veis em 12 meses, indo para 182,5% ao ano.<\/p>\n\n\n\n<p>Nas contrata\u00e7\u00f5es para as empresas, a taxa m\u00e9dia do cr\u00e9dito livre ficou em 24,3% ao ano, com varia\u00e7\u00e3o positiva de 0,1 p.p. no m\u00eas e aumento de 3,5 p.p. em 12 meses.<\/p>\n\n\n\n<h2 class=\"wp-block-heading\">Cr\u00e9dito direcionado<\/h2>\n\n\n\n<p>No cr\u00e9dito livre, os bancos t\u00eam autonomia para emprestar o dinheiro captado no mercado e definir as taxas de juros cobradas dos clientes. J\u00e1 o cr\u00e9dito direcionado \u2500 com regras definidas pelo governo \u2500 \u00e9 destinado basicamente aos setores habitacional, rural, de infraestrutura e ao microcr\u00e9dito.<\/p>\n\n\n\n<p>No caso do cr\u00e9dito direcionado, a taxa para pessoas f\u00edsicas ficou em 11,1% ao ano em junho, com redu\u00e7\u00e3o de 0,2 p.p. em rela\u00e7\u00e3o ao m\u00eas anterior e alta de 1 p.p. em 12 meses. Para empresas, a taxa caiu 0,6 p.p. no m\u00eas e aumentou 1,7 p.p. em 12 meses, indo para 14,1% ao ano.<\/p>\n\n\n\n<p>Assim, a taxa m\u00e9dia no cr\u00e9dito direcionado ficou em 11,8% ao ano, redu\u00e7\u00e3o de 0,2 p.p. no m\u00eas e alta de 1,2 p.p. em 12 meses.<\/p>\n\n\n\n<h2 class=\"wp-block-heading\">Saldos das opera\u00e7\u00f5es<\/h2>\n\n\n\n<p>Em junho, as concess\u00f5es de cr\u00e9dito chegaram a R$ 636,9 bilh\u00f5es. Nas s\u00e9ries sazonalmente ajustadas, elas recuaram 3,1% no m\u00eas, com redu\u00e7\u00e3o de 7,5% nas opera\u00e7\u00f5es com pessoas jur\u00eddicas e expans\u00e3o de 1,4% com as fam\u00edlias. Em 12 meses, as concess\u00f5es nominais cresceram 13,9%, com altas de 17,7% nas opera\u00e7\u00f5es com empresas e de 10,9% com pessoas f\u00edsicas.<\/p>\n\n\n\n<p>Com isso, o estoque de todos os empr\u00e9stimos concedidos pelos bancos do Sistema Financeiro Nacional (SFN) ficou em R$ 6,685 trilh\u00f5es, um crescimento de 0,5% em rela\u00e7\u00e3o a maio. Esse desempenho decorreu, basicamente, dos incrementos de 0,6% no cr\u00e9dito destinado \u00e0s empresas e de 0,4% \u00e0s fam\u00edlias, que somaram R$ 2,540 trilh\u00f5es e R$ 4,144 trilh\u00f5es, respectivamente<\/p>\n\n\n\n<p>De acordo com o BC, entretanto, h\u00e1 uma desacelera\u00e7\u00e3o no crescimento dos saldos. Na compara\u00e7\u00e3o em 12 meses, o estoque de cr\u00e9dito total cresceu 10,7% no m\u00eas passado antes alta de 11,8% em maio.<\/p>\n\n\n\n<p>J\u00e1 o cr\u00e9dito ampliado ao setor n\u00e3o financeiro \u2500 que \u00e9 o cr\u00e9dito dispon\u00edvel para empresas, fam\u00edlias e governos, independentemente da fonte (banc\u00e1rio, mercado de t\u00edtulos ou d\u00edvida externa) \u2500 alcan\u00e7ou R$ 19,302 trilh\u00f5es, com aumento de 0,9% no m\u00eas, refletindo, principalmente, os acr\u00e9scimos de 2,9% nos t\u00edtulos p\u00fablicos de d\u00edvida e de 2,1% nos t\u00edtulos de d\u00edvida securitizados.<\/p>\n\n\n\n<p>Em 12 meses, o cr\u00e9dito ampliado cresceu 10,6%, com avan\u00e7os nos t\u00edtulos p\u00fablicos de d\u00edvida (12,2%), nos empr\u00e9stimos do SFN (10,1%), nos t\u00edtulos de d\u00edvida securitizados (25,6%) e nos t\u00edtulos privados de d\u00edvida (16,3%).<\/p>\n\n\n\n<h2 class=\"wp-block-heading\">Endividamento das fam\u00edlias<\/h2>\n\n\n\n<p><strong>Segundo o Banco Central, a inadimpl\u00eancia \u2500 atrasos acima de 90 dias \u2500 mant\u00e9m-se est\u00e1vel h\u00e1 bastante tempo, com pequenas oscila\u00e7\u00f5es, registrando 3,6% em junho.&nbsp;<\/strong>Nas opera\u00e7\u00f5es para pessoas f\u00edsicas, situa-se em 4,3% e, para pessoas jur\u00eddicas, em 2,4%.<\/p>\n\n\n\n<p><strong>O endividamento das fam\u00edlias \u2500 rela\u00e7\u00e3o entre o saldo das d\u00edvidas e a renda acumulada em 12 meses \u2500 ficou em 49% em maio, aumento de 0,1 p.p. no m\u00eas e de 1,4 p.p.&nbsp;em 12 meses.<\/strong>&nbsp;Com a exclus\u00e3o do financiamento imobili\u00e1rio, que pega um montante consider\u00e1vel da renda, o endividamento ficou em 30,7% no quinto m\u00eas do ano.<\/p>\n\n\n\n<p>J\u00e1 o comprometimento da renda \u2500 rela\u00e7\u00e3o entre o valor m\u00e9dio para pagamento das d\u00edvidas e a renda m\u00e9dia apurada no per\u00edodo \u2500 ficou em 27,8% em maio, com aumento de 0,4 p.p. na passagem do m\u00eas e de 1,9% em 12 meses.<\/p>\n\n\n\n<p>Os dois \u00faltimos indicadores s\u00e3o apresentados com a maior defasagem do m\u00eas de divulga\u00e7\u00e3o, pois o Banco Central usa dados da Pesquisa Nacional por Amostra de Domic\u00edlio (Pnad), do Instituto Brasileiro de Geografia e Estat\u00edstica (IBGE).<\/p>\n","protected":false},"excerpt":{"rendered":"<p>As taxas m\u00e9dias de juros ficaram est\u00e1veis no m\u00eas de junho deste ano. Na m\u00e9dia de todas as contrata\u00e7\u00f5es \u2013 cr\u00e9dito livre e direcionado, para fam\u00edlias e empresas \u2013 o juro chegou a 31,5% ao ano, no m\u00eas passado, com varia\u00e7\u00e3o negativa de apenas 0,1 ponto percentual (p.p.).\u00a0Ainda assim, a taxa est\u00e1 em n\u00edvel mais [&hellip;]<\/p>\n","protected":false},"author":3,"featured_media":4821,"comment_status":"open","ping_status":"open","sticky":false,"template":"","format":"standard","meta":{"footnotes":""},"categories":[131],"tags":[],"class_list":{"0":"post-4820","1":"post","2":"type-post","3":"status-publish","4":"format-standard","5":"has-post-thumbnail","7":"category-economia"},"_links":{"self":[{"href":"https:\/\/revistavalorenegocios.com\/index.php?rest_route=\/wp\/v2\/posts\/4820","targetHints":{"allow":["GET"]}}],"collection":[{"href":"https:\/\/revistavalorenegocios.com\/index.php?rest_route=\/wp\/v2\/posts"}],"about":[{"href":"https:\/\/revistavalorenegocios.com\/index.php?rest_route=\/wp\/v2\/types\/post"}],"author":[{"embeddable":true,"href":"https:\/\/revistavalorenegocios.com\/index.php?rest_route=\/wp\/v2\/users\/3"}],"replies":[{"embeddable":true,"href":"https:\/\/revistavalorenegocios.com\/index.php?rest_route=%2Fwp%2Fv2%2Fcomments&post=4820"}],"version-history":[{"count":1,"href":"https:\/\/revistavalorenegocios.com\/index.php?rest_route=\/wp\/v2\/posts\/4820\/revisions"}],"predecessor-version":[{"id":4822,"href":"https:\/\/revistavalorenegocios.com\/index.php?rest_route=\/wp\/v2\/posts\/4820\/revisions\/4822"}],"wp:featuredmedia":[{"embeddable":true,"href":"https:\/\/revistavalorenegocios.com\/index.php?rest_route=\/wp\/v2\/media\/4821"}],"wp:attachment":[{"href":"https:\/\/revistavalorenegocios.com\/index.php?rest_route=%2Fwp%2Fv2%2Fmedia&parent=4820"}],"wp:term":[{"taxonomy":"category","embeddable":true,"href":"https:\/\/revistavalorenegocios.com\/index.php?rest_route=%2Fwp%2Fv2%2Fcategories&post=4820"},{"taxonomy":"post_tag","embeddable":true,"href":"https:\/\/revistavalorenegocios.com\/index.php?rest_route=%2Fwp%2Fv2%2Ftags&post=4820"}],"curies":[{"name":"wp","href":"https:\/\/api.w.org\/{rel}","templated":true}]}}