{"id":4824,"date":"2025-08-06T21:21:00","date_gmt":"2025-08-06T21:21:00","guid":{"rendered":"https:\/\/revistavalorenegocios.com\/?p=4824"},"modified":"2025-08-07T06:39:54","modified_gmt":"2025-08-07T06:39:54","slug":"pix-deve-permanecer-sob-gestao-publica-diz-galipolo","status":"publish","type":"post","link":"https:\/\/revistavalorenegocios.com\/?p=4824","title":{"rendered":"Pix deve permanecer sob gest\u00e3o p\u00fablica, diz Gal\u00edpolo"},"content":{"rendered":"\n<p><strong>O Pix \u00e9 estrat\u00e9gico e deve permanecer sob gest\u00e3o p\u00fablica, disse nesta quarta-feira (6) o presidente do Banco Central (BC), Gabriel Gal\u00edpolo.<\/strong>&nbsp;Em evento voltado para o setor de criptoativos, no Rio de Janeiro, ele declarou que falsas narrativas procuram prejudicar uma das infraestruturas mais importantes do Brasil.<img decoding=\"async\" src=\"https:\/\/agenciabrasil.ebc.com.br\/ebc.png?id=1653518&amp;o=node\"><img decoding=\"async\" src=\"https:\/\/agenciabrasil.ebc.com.br\/ebc.gif?id=1653518&amp;o=node\"><\/p>\n\n\n\n<p>\u201cO Pix se revela uma infraestrutura estrat\u00e9gica e cr\u00edtica para o pa\u00eds. \u00c9 uma seguran\u00e7a para o pa\u00eds que ele possa ser gerenciado e administrado pelo Banco Central\u201d, afirmou.<\/p>\n\n\n\n<p>Para Gal\u00edpolo,<strong>&nbsp;a manuten\u00e7\u00e3o da administra\u00e7\u00e3o p\u00fablica do Pix \u00e9 importante para impedir conflitos de interesses<\/strong>, caso o sistema fosse gerido por empresas privadas.<\/p>\n\n\n\n<p>\u201c\u00c9 muito importante que o Pix permane\u00e7a e vai permanecer como uma infraestrutura p\u00fablica digital que foi desenvolvida pelo Banco Central. Se a gente tivesse qualquer tipo de incumbente sendo gestor do Pix, voc\u00eas imaginam os conflitos de interesse que a gente poderia ter a cada decis\u00e3o de se incluir ou retirar um novo participante do sistema?\u201d, comentou o presidente do BC.<\/p>\n\n\n\n<p><strong>Gal\u00edpolo lamentou que o sistema de transfer\u00eancias instant\u00e2neas em funcionamento desde 2020 tenha se tornado alvo de&nbsp;<em>fake news<\/em><\/strong>. \u201cInfelizmente, a gente est\u00e1 num momento onde, muitas vezes, as coisas s\u00e3o complexas de compreender e elas s\u00e3o capturadas por algum tipo de debate onde as vers\u00f5es podem ser muitas vezes mais interessantes do que os fatos\u201d, afirmou.<\/p>\n\n\n\n<h2 class=\"wp-block-heading\">Inclus\u00e3o financeira<\/h2>\n\n\n\n<p>O presidente do BC destacou os avan\u00e7os sociais promovidos pelo Pix.<strong>&nbsp;Ele ressaltou que a ferramenta facilita a inclus\u00e3o financeira<\/strong>, ao ampliar o acesso da popula\u00e7\u00e3o \u00e0 infraestrutura banc\u00e1ria. Atualmente, ressaltou Gal\u00edpolo,&nbsp;<strong>o Pix tem 858 milh\u00f5es de chaves cadastradas, com 250 milh\u00f5es de transa\u00e7\u00f5es di\u00e1rias, em m\u00e9dia<\/strong>.<\/p>\n\n\n\n<p>O presidente do BC negou qualquer rivalidade entre o Pix e os outros meios de pagamento. Segundo ele, a ferramenta n\u00e3o est\u00e1 provocando preju\u00edzos aos bancos porque as transa\u00e7\u00f5es com cart\u00f5es de cr\u00e9dito e de d\u00e9bito aumentaram&nbsp;mais nos \u00faltimos anos&nbsp;do que cresciam antes do Pix.<\/p>\n\n\n\n<p>\u201cOs cart\u00f5es de d\u00e9bito, pr\u00e9-pago e, em especial, os de cr\u00e9dito, apresentam uma taxa de crescimento maior do que antes do advento do Pix. O que elimina qualquer ideia de rivalidade ou de que um estaria canibalizando o outro, a partir de alguma l\u00f3gica que possa tentar ser apresentada\u201d, destacou.<\/p>\n\n\n\n<p><strong>De 2020 a 2024, o n\u00famero de transa\u00e7\u00f5es com cart\u00f5es de cr\u00e9dito subiu 20,9%<\/strong>. Nos dez anos anteriores,&nbsp;<strong>de 2009 a 2019, a taxa de crescimento estava em 13,1%<\/strong>.<\/p>\n\n\n\n<h2 class=\"wp-block-heading\">Investiga\u00e7\u00e3o<\/h2>\n\n\n\n<p>Desde o m\u00eas passado, o Pix est\u00e1 inclu\u00eddo na\u00a0investiga\u00e7\u00e3o comercial\u00a0dos Estados Unidos contra o Brasil. Por meio do Escrit\u00f3rio do Representante de Com\u00e9rcio dos EUA,\u00a0<strong>o governo de Donald Trump pediu esclarecimentos ao Brasil se o Pix imp\u00f5e barreiras ao com\u00e9rcio e a institui\u00e7\u00f5es financeiras estadunidenses<\/strong>.<\/p>\n\n\n\n<p>O \u00f3rg\u00e3o quer investigar se as pr\u00e1ticas brasileiras ligadas ao com\u00e9rcio digital e a tarifas preferenciais s\u00e3o \u201cirracionais ou discriminat\u00f3rias\u201d. Para o escrit\u00f3rio, o Brasil pode prejudicar a competitividade de empresas norte-americanas de com\u00e9rcio e servi\u00e7os de pagamento eletr\u00f4nico.<br><\/p>\n\n\n\n<p>Fonte: Ag\u00eancia Brasil<\/p>\n","protected":false},"excerpt":{"rendered":"<p>O Pix \u00e9 estrat\u00e9gico e deve permanecer sob gest\u00e3o p\u00fablica, disse nesta quarta-feira (6) o presidente do Banco Central (BC), Gabriel Gal\u00edpolo.&nbsp;Em evento voltado para o setor de criptoativos, no Rio de Janeiro, ele declarou que falsas narrativas procuram prejudicar uma das infraestruturas mais importantes do Brasil. \u201cO Pix se revela uma infraestrutura estrat\u00e9gica e [&hellip;]<\/p>\n","protected":false},"author":3,"featured_media":4825,"comment_status":"open","ping_status":"open","sticky":false,"template":"","format":"standard","meta":{"footnotes":""},"categories":[131],"tags":[],"class_list":{"0":"post-4824","1":"post","2":"type-post","3":"status-publish","4":"format-standard","5":"has-post-thumbnail","7":"category-economia"},"_links":{"self":[{"href":"https:\/\/revistavalorenegocios.com\/index.php?rest_route=\/wp\/v2\/posts\/4824","targetHints":{"allow":["GET"]}}],"collection":[{"href":"https:\/\/revistavalorenegocios.com\/index.php?rest_route=\/wp\/v2\/posts"}],"about":[{"href":"https:\/\/revistavalorenegocios.com\/index.php?rest_route=\/wp\/v2\/types\/post"}],"author":[{"embeddable":true,"href":"https:\/\/revistavalorenegocios.com\/index.php?rest_route=\/wp\/v2\/users\/3"}],"replies":[{"embeddable":true,"href":"https:\/\/revistavalorenegocios.com\/index.php?rest_route=%2Fwp%2Fv2%2Fcomments&post=4824"}],"version-history":[{"count":1,"href":"https:\/\/revistavalorenegocios.com\/index.php?rest_route=\/wp\/v2\/posts\/4824\/revisions"}],"predecessor-version":[{"id":4826,"href":"https:\/\/revistavalorenegocios.com\/index.php?rest_route=\/wp\/v2\/posts\/4824\/revisions\/4826"}],"wp:featuredmedia":[{"embeddable":true,"href":"https:\/\/revistavalorenegocios.com\/index.php?rest_route=\/wp\/v2\/media\/4825"}],"wp:attachment":[{"href":"https:\/\/revistavalorenegocios.com\/index.php?rest_route=%2Fwp%2Fv2%2Fmedia&parent=4824"}],"wp:term":[{"taxonomy":"category","embeddable":true,"href":"https:\/\/revistavalorenegocios.com\/index.php?rest_route=%2Fwp%2Fv2%2Fcategories&post=4824"},{"taxonomy":"post_tag","embeddable":true,"href":"https:\/\/revistavalorenegocios.com\/index.php?rest_route=%2Fwp%2Fv2%2Ftags&post=4824"}],"curies":[{"name":"wp","href":"https:\/\/api.w.org\/{rel}","templated":true}]}}