{"id":4841,"date":"2025-08-18T21:48:00","date_gmt":"2025-08-18T21:48:00","guid":{"rendered":"https:\/\/revistavalorenegocios.com\/?p=4841"},"modified":"2025-08-31T06:06:51","modified_gmt":"2025-08-31T06:06:51","slug":"dolar-segue-mercado-internacional-e-sobe-para-r-543","status":"publish","type":"post","link":"https:\/\/revistavalorenegocios.com\/?p=4841","title":{"rendered":"D\u00f3lar segue mercado internacional e sobe para R$ 5,43"},"content":{"rendered":"\n<p>Em dia de press\u00e3o no mercado internacional,&nbsp;<strong>o d\u00f3lar subiu e voltou a ficar acima de R$ 5,40. Influenciada por dados dom\u00e9sticos, a bolsa valorizou-se quase 1% e voltou a superar os 137 mil pontos.<\/strong><img decoding=\"async\" src=\"https:\/\/agenciabrasil.ebc.com.br\/ebc.png?id=1654900&amp;o=node\"><img decoding=\"async\" src=\"https:\/\/agenciabrasil.ebc.com.br\/ebc.gif?id=1654900&amp;o=node\"><\/p>\n\n\n\n<p><strong>O d\u00f3lar comercial encerrou esta segunda-feira (18) vendido a R$ 5,435,&nbsp;<\/strong>com alta de R$ 0,036 (+0,68%). A cota\u00e7\u00e3o operou em alta durante todo o dia, mas firmou a tend\u00eancia de alta \u00e0 tarde. Na m\u00e1xima do dia, por volta das 15h40, chegou a R$ 5,44.<\/p>\n\n\n\n<p>Apesar da alta desta segunda, a moeda estadunidense cai 2,97% em agosto. Em 2025, a divisa recua 12,07%.<\/p>\n\n\n\n<p><strong>Ao contr\u00e1rio do c\u00e2mbio, o mercado de a\u00e7\u00f5es teve uma segunda-feira de recupera\u00e7\u00e3o. Ap\u00f3s tr\u00eas quedas seguidas, o \u00edndice Ibovespa, da B3, fechou aos 137.322 pontos, com alta de 0,72%.<\/strong><\/p>\n\n\n\n<p>O d\u00f3lar teve um dia de for\u00e7a em todo o planeta, em meio \u00e0s negocia\u00e7\u00f5es sobre a Guerra na Ucr\u00e2nia. A moeda subiu perante as principais divisas do planeta, por\u00e9m subiu mais em rela\u00e7\u00e3o ao real, que tinha se apreciado bastante nos \u00faltimos dias.<\/p>\n\n\n\n<p>Na bolsa de valores, a divulga\u00e7\u00e3o de que a\u00a0estimativa para a infla\u00e7\u00e3o\u00a0em 2025 pelas institui\u00e7\u00f5es financeiras veio abaixo de 5% pela primeira vez\u00a0motivou a alta nas a\u00e7\u00f5es. Isso porque,\u00a0<strong>com a infla\u00e7\u00e3o sob controle, aumentam as chances de o Banco Central (BC) cortar os juros no in\u00edcio do pr\u00f3ximo ano.<\/strong><\/p>\n\n\n\n<p>Juros mais baixos estimulam a migra\u00e7\u00e3o de investimentos da renda fixa, como t\u00edtulos do Tesouro Nacional, para as a\u00e7\u00f5es. Al\u00e9m disso, o IBC-Br, indicador do BC que funciona como uma pr\u00e9via do Produto Interno Bruto (PIB, soma dos bens e servi\u00e7os produzidos), recuou 0,1% em junho, o que mostra que o aperto monet\u00e1rio dos \u00faltimos meses est\u00e1 desacelerando a economia.<\/p>\n\n\n\n<p><em>*com informa\u00e7\u00f5es da Reuters<\/em><\/p>\n","protected":false},"excerpt":{"rendered":"<p>Em dia de press\u00e3o no mercado internacional,&nbsp;o d\u00f3lar subiu e voltou a ficar acima de R$ 5,40. Influenciada por dados dom\u00e9sticos, a bolsa valorizou-se quase 1% e voltou a superar os 137 mil pontos. O d\u00f3lar comercial encerrou esta segunda-feira (18) vendido a R$ 5,435,&nbsp;com alta de R$ 0,036 (+0,68%). A cota\u00e7\u00e3o operou em alta [&hellip;]<\/p>\n","protected":false},"author":3,"featured_media":4842,"comment_status":"open","ping_status":"open","sticky":false,"template":"","format":"standard","meta":{"footnotes":""},"categories":[131],"tags":[],"class_list":{"0":"post-4841","1":"post","2":"type-post","3":"status-publish","4":"format-standard","5":"has-post-thumbnail","7":"category-economia"},"_links":{"self":[{"href":"https:\/\/revistavalorenegocios.com\/index.php?rest_route=\/wp\/v2\/posts\/4841","targetHints":{"allow":["GET"]}}],"collection":[{"href":"https:\/\/revistavalorenegocios.com\/index.php?rest_route=\/wp\/v2\/posts"}],"about":[{"href":"https:\/\/revistavalorenegocios.com\/index.php?rest_route=\/wp\/v2\/types\/post"}],"author":[{"embeddable":true,"href":"https:\/\/revistavalorenegocios.com\/index.php?rest_route=\/wp\/v2\/users\/3"}],"replies":[{"embeddable":true,"href":"https:\/\/revistavalorenegocios.com\/index.php?rest_route=%2Fwp%2Fv2%2Fcomments&post=4841"}],"version-history":[{"count":1,"href":"https:\/\/revistavalorenegocios.com\/index.php?rest_route=\/wp\/v2\/posts\/4841\/revisions"}],"predecessor-version":[{"id":4843,"href":"https:\/\/revistavalorenegocios.com\/index.php?rest_route=\/wp\/v2\/posts\/4841\/revisions\/4843"}],"wp:featuredmedia":[{"embeddable":true,"href":"https:\/\/revistavalorenegocios.com\/index.php?rest_route=\/wp\/v2\/media\/4842"}],"wp:attachment":[{"href":"https:\/\/revistavalorenegocios.com\/index.php?rest_route=%2Fwp%2Fv2%2Fmedia&parent=4841"}],"wp:term":[{"taxonomy":"category","embeddable":true,"href":"https:\/\/revistavalorenegocios.com\/index.php?rest_route=%2Fwp%2Fv2%2Fcategories&post=4841"},{"taxonomy":"post_tag","embeddable":true,"href":"https:\/\/revistavalorenegocios.com\/index.php?rest_route=%2Fwp%2Fv2%2Ftags&post=4841"}],"curies":[{"name":"wp","href":"https:\/\/api.w.org\/{rel}","templated":true}]}}