{"id":4856,"date":"2025-08-09T21:29:00","date_gmt":"2025-08-09T21:29:00","guid":{"rendered":"https:\/\/revistavalorenegocios.com\/?p=4856"},"modified":"2025-08-31T05:19:13","modified_gmt":"2025-08-31T05:19:13","slug":"governo-quer-aumentar-numero-de-setores-fora-do-tarifaco","status":"publish","type":"post","link":"https:\/\/revistavalorenegocios.com\/?p=4856","title":{"rendered":"Governo quer aumentar n\u00famero de setores fora do tarifa\u00e7o"},"content":{"rendered":"\n<p><strong>O vice-presidente da Rep\u00fablica e ministro do Desenvolvimento, Ind\u00fastria, Com\u00e9rcio e Servi\u00e7os, Geraldo Alckmin, disse neste s\u00e1bado (9) que a prioridade do governo federal \u00e9 ampliar os setores que ficar\u00e3o fora do tarifa\u00e7o de Donald Trump, e n\u00e3o retaliar os Estados Unidos.<\/strong><img decoding=\"async\" src=\"https:\/\/agenciabrasil.ebc.com.br\/ebc.png?id=1653855&amp;o=node\"><img decoding=\"async\" src=\"https:\/\/agenciabrasil.ebc.com.br\/ebc.gif?id=1653855&amp;o=node\"><\/p>\n\n\n\n<p>Durante evento em Guaratinguet\u00e1, no estado de S\u00e3o Paulo, Alckmin disse que o governo defende o di\u00e1logo nas negocia\u00e7\u00f5es entre os dois pa\u00edses. \u201c<strong>A prioridade n\u00e3o \u00e9 retaliar, \u00e9 resolver. Procurar ampliar o n\u00famero de setores que sejam exclu\u00eddos, fiquem fora dessas tarifas, que entendemos extremamente injusta\u201d, afirmou.<\/strong><\/p>\n\n\n\n<p>Alckmin voltou a confirmar que o an\u00fancio das medidas de ajuda aos setores afetados pelo tarifa\u00e7o ser\u00e1 feito na pr\u00f3xima semana pelo presidente Luiz In\u00e1cio Lula da Silva.<\/p>\n\n\n\n<p>\u201cLula deve anunciar um pacote de medidas mitigat\u00f3rias, ou seja, apoiar as empresas. Quais empresas? Aquelas que exportam mais para os Estados Unidos e que foram afetadas&#8221;, informou.<\/p>\n\n\n\n<figure class=\"wp-block-image\"><img decoding=\"async\" src=\"https:\/\/imagens.ebc.com.br\/OfAO4rtkK8HX7cOTfyCXQzfT8ZU=\/754x0\/smart\/https:\/\/agenciabrasil.ebc.com.br\/sites\/default\/files\/atoms\/image\/montadoras_carros.jpg?itok=DMNtCJuZ\" alt=\"montadoras_carros.jpg\" title=\"Arquivo\/Ag\u00eancia Brasil\"\/><\/figure>\n\n\n\n<h2 class=\"wp-block-heading\">IPI<\/h2>\n\n\n\n<p>O vice-presidente tamb\u00e9m comemorou o aumento nas vendas de ve\u00edculos ap\u00f3s o governo federal anunciar no m\u00eas passado a isen\u00e7\u00e3o do Imposto sobre Produtos Industrializados (IPI) para ve\u00edculos sustent\u00e1veis.<\/p>\n\n\n\n<p><strong>Segundo Alckmin, as vendas aumentaram 15,7% ap\u00f3s o an\u00fancio das medidas.&nbsp;<\/strong><\/p>\n\n\n\n<p>&#8220;isso significa a ind\u00fastria produzindo mais, crescendo a ind\u00fastria automotiva, que tem uma cadeira produtiva longa, as concessionarias vendendo mais, um ciclo positivo. O IPI zero ajuda a popula\u00e7\u00e3o a comprar um carro com desconto, mais barato\u201d, completou.<\/p>\n\n\n\n<p><\/p>\n","protected":false},"excerpt":{"rendered":"<p>O vice-presidente da Rep\u00fablica e ministro do Desenvolvimento, Ind\u00fastria, Com\u00e9rcio e Servi\u00e7os, Geraldo Alckmin, disse neste s\u00e1bado (9) que a prioridade do governo federal \u00e9 ampliar os setores que ficar\u00e3o fora do tarifa\u00e7o de Donald Trump, e n\u00e3o retaliar os Estados Unidos. Durante evento em Guaratinguet\u00e1, no estado de S\u00e3o Paulo, Alckmin disse que o [&hellip;]<\/p>\n","protected":false},"author":3,"featured_media":4857,"comment_status":"open","ping_status":"open","sticky":false,"template":"","format":"standard","meta":{"footnotes":""},"categories":[131],"tags":[],"class_list":{"0":"post-4856","1":"post","2":"type-post","3":"status-publish","4":"format-standard","5":"has-post-thumbnail","7":"category-economia"},"_links":{"self":[{"href":"https:\/\/revistavalorenegocios.com\/index.php?rest_route=\/wp\/v2\/posts\/4856","targetHints":{"allow":["GET"]}}],"collection":[{"href":"https:\/\/revistavalorenegocios.com\/index.php?rest_route=\/wp\/v2\/posts"}],"about":[{"href":"https:\/\/revistavalorenegocios.com\/index.php?rest_route=\/wp\/v2\/types\/post"}],"author":[{"embeddable":true,"href":"https:\/\/revistavalorenegocios.com\/index.php?rest_route=\/wp\/v2\/users\/3"}],"replies":[{"embeddable":true,"href":"https:\/\/revistavalorenegocios.com\/index.php?rest_route=%2Fwp%2Fv2%2Fcomments&post=4856"}],"version-history":[{"count":2,"href":"https:\/\/revistavalorenegocios.com\/index.php?rest_route=\/wp\/v2\/posts\/4856\/revisions"}],"predecessor-version":[{"id":4874,"href":"https:\/\/revistavalorenegocios.com\/index.php?rest_route=\/wp\/v2\/posts\/4856\/revisions\/4874"}],"wp:featuredmedia":[{"embeddable":true,"href":"https:\/\/revistavalorenegocios.com\/index.php?rest_route=\/wp\/v2\/media\/4857"}],"wp:attachment":[{"href":"https:\/\/revistavalorenegocios.com\/index.php?rest_route=%2Fwp%2Fv2%2Fmedia&parent=4856"}],"wp:term":[{"taxonomy":"category","embeddable":true,"href":"https:\/\/revistavalorenegocios.com\/index.php?rest_route=%2Fwp%2Fv2%2Fcategories&post=4856"},{"taxonomy":"post_tag","embeddable":true,"href":"https:\/\/revistavalorenegocios.com\/index.php?rest_route=%2Fwp%2Fv2%2Ftags&post=4856"}],"curies":[{"name":"wp","href":"https:\/\/api.w.org\/{rel}","templated":true}]}}