{"id":4862,"date":"2025-08-11T21:33:00","date_gmt":"2025-08-11T21:33:00","guid":{"rendered":"https:\/\/revistavalorenegocios.com\/?p=4862"},"modified":"2025-08-31T05:24:36","modified_gmt":"2025-08-31T05:24:36","slug":"ibge-podera-contratar-9-580-temporarios-para-pesquisas","status":"publish","type":"post","link":"https:\/\/revistavalorenegocios.com\/?p=4862","title":{"rendered":"IBGE poder\u00e1 contratar 9.580 tempor\u00e1rios para pesquisas"},"content":{"rendered":"\n<p><strong>O Minist\u00e9rio da Gest\u00e3o e da Inova\u00e7\u00e3o em Servi\u00e7os P\u00fablicos (MGI) e o Minist\u00e9rio do Planejamento e Or\u00e7amento (MPO) publicaram, nesta ter\u00e7a-feira (12)<\/strong>, a&nbsp;<a href=\"https:\/\/www.in.gov.br\/en\/web\/dou\/-\/portaria-conjunta-mgi\/mpo-n-58-de-11-de-agosto-de-2025-647723126\" target=\"_blank\" rel=\"noreferrer noopener\">portaria conjunta<\/a>&nbsp;(n\u00ba 58\/2025), que autoriza a Funda\u00e7\u00e3o Instituto Brasileiro de Geografia e Estat\u00edstica (IBGE) a contratar, por tempo determinado, at\u00e9 9.580 profissionais para atender a necessidades tempor\u00e1rias do \u00f3rg\u00e3o.<img decoding=\"async\" src=\"https:\/\/agenciabrasil.ebc.com.br\/ebc.png?id=1654068&amp;o=node\"><img decoding=\"async\" src=\"https:\/\/agenciabrasil.ebc.com.br\/ebc.gif?id=1654068&amp;o=node\"><\/p>\n\n\n\n<p>Os contratados temporariamente far\u00e3o pesquisas estat\u00edsticas coordenadas pelo IBGE em todo o pa\u00eds.<\/p>\n\n\n\n<h2 class=\"wp-block-heading\">Vagas autorizadas<\/h2>\n\n\n\n<p><strong>Do total de vagas, 8.480 ser\u00e3o para o cargo de agente de pesquisas e mapeamento do instituto, respons\u00e1vel pela coleta de informa\u00e7\u00f5es. Outras 1,1 mil vagas s\u00e3o para fun\u00e7\u00e3o de supervisor de coleta e qualidade, para atuar no acompanhamento e supervis\u00e3o do trabalho de campo dos agentes.<\/strong><\/p>\n\n\n\n<p>O recrutamento para a fun\u00e7\u00e3o depender\u00e1 de aprova\u00e7\u00e3o em processo seletivo simplificado, que geralmente \u00e9 mais r\u00e1pido que um concurso p\u00fablico.<\/p>\n\n\n\n<h2 class=\"wp-block-heading\">Etapas de sele\u00e7\u00e3o<\/h2>\n\n\n\n<p>Nesse modelo, as etapas da sele\u00e7\u00e3o geralmente incluem an\u00e1lise de curr\u00edculo, an\u00e1lise de t\u00edtulos e, em alguns casos, entrevistas.<\/p>\n\n\n\n<p>A<strong>&nbsp;dura\u00e7\u00e3o dos contratos tempor\u00e1rios ser\u00e1 de um ano e poder\u00e1 ser prorrogada por at\u00e9 tr\u00eas anos, de acordo com a necessidade do \u00f3rg\u00e3o para a conclus\u00e3o das atividades.<\/strong><\/p>\n\n\n\n<p>A portaria ainda estabelece que o edital de abertura de inscri\u00e7\u00f5es deve ser publicado em at\u00e9 seis meses a partir desta ter\u00e7a-feira. A remunera\u00e7\u00e3o ainda ser\u00e1 definida pelo IBGE, observando quest\u00f5es or\u00e7ament\u00e1rias.<\/p>\n\n\n\n<p><\/p>\n","protected":false},"excerpt":{"rendered":"<p>O Minist\u00e9rio da Gest\u00e3o e da Inova\u00e7\u00e3o em Servi\u00e7os P\u00fablicos (MGI) e o Minist\u00e9rio do Planejamento e Or\u00e7amento (MPO) publicaram, nesta ter\u00e7a-feira (12), a&nbsp;portaria conjunta&nbsp;(n\u00ba 58\/2025), que autoriza a Funda\u00e7\u00e3o Instituto Brasileiro de Geografia e Estat\u00edstica (IBGE) a contratar, por tempo determinado, at\u00e9 9.580 profissionais para atender a necessidades tempor\u00e1rias do \u00f3rg\u00e3o. Os contratados temporariamente [&hellip;]<\/p>\n","protected":false},"author":3,"featured_media":4863,"comment_status":"open","ping_status":"open","sticky":false,"template":"","format":"standard","meta":{"footnotes":""},"categories":[133],"tags":[],"class_list":{"0":"post-4862","1":"post","2":"type-post","3":"status-publish","4":"format-standard","5":"has-post-thumbnail","7":"category-destaque"},"_links":{"self":[{"href":"https:\/\/revistavalorenegocios.com\/index.php?rest_route=\/wp\/v2\/posts\/4862","targetHints":{"allow":["GET"]}}],"collection":[{"href":"https:\/\/revistavalorenegocios.com\/index.php?rest_route=\/wp\/v2\/posts"}],"about":[{"href":"https:\/\/revistavalorenegocios.com\/index.php?rest_route=\/wp\/v2\/types\/post"}],"author":[{"embeddable":true,"href":"https:\/\/revistavalorenegocios.com\/index.php?rest_route=\/wp\/v2\/users\/3"}],"replies":[{"embeddable":true,"href":"https:\/\/revistavalorenegocios.com\/index.php?rest_route=%2Fwp%2Fv2%2Fcomments&post=4862"}],"version-history":[{"count":1,"href":"https:\/\/revistavalorenegocios.com\/index.php?rest_route=\/wp\/v2\/posts\/4862\/revisions"}],"predecessor-version":[{"id":4864,"href":"https:\/\/revistavalorenegocios.com\/index.php?rest_route=\/wp\/v2\/posts\/4862\/revisions\/4864"}],"wp:featuredmedia":[{"embeddable":true,"href":"https:\/\/revistavalorenegocios.com\/index.php?rest_route=\/wp\/v2\/media\/4863"}],"wp:attachment":[{"href":"https:\/\/revistavalorenegocios.com\/index.php?rest_route=%2Fwp%2Fv2%2Fmedia&parent=4862"}],"wp:term":[{"taxonomy":"category","embeddable":true,"href":"https:\/\/revistavalorenegocios.com\/index.php?rest_route=%2Fwp%2Fv2%2Fcategories&post=4862"},{"taxonomy":"post_tag","embeddable":true,"href":"https:\/\/revistavalorenegocios.com\/index.php?rest_route=%2Fwp%2Fv2%2Ftags&post=4862"}],"curies":[{"name":"wp","href":"https:\/\/api.w.org\/{rel}","templated":true}]}}