{"id":4897,"date":"2025-08-19T21:10:00","date_gmt":"2025-08-19T21:10:00","guid":{"rendered":"https:\/\/revistavalorenegocios.com\/?p=4897"},"modified":"2025-08-31T06:15:55","modified_gmt":"2025-08-31T06:15:55","slug":"brasil-vai-exportar-carne-bovina-para-indonesia","status":"publish","type":"post","link":"https:\/\/revistavalorenegocios.com\/?p=4897","title":{"rendered":"Brasil vai exportar carne bovina para Indon\u00e9sia"},"content":{"rendered":"\n<p><strong>O Brasil passar\u00e1 a exportar carne bovina para a Indon\u00e9sia, quarto pa\u00eds mais populoso do mundo.&nbsp;<\/strong><img decoding=\"async\" src=\"https:\/\/agenciabrasil.ebc.com.br\/ebc.png?id=1654991&amp;o=node\"><img decoding=\"async\" src=\"https:\/\/agenciabrasil.ebc.com.br\/ebc.gif?id=1654991&amp;o=node\"><\/p>\n\n\n\n<p>Um acordo firmado entre os dois pa\u00edses&nbsp;<strong>permite a venda de&nbsp;carne bovina com osso, mi\u00fados bovinos, produtos c\u00e1rneos e preparados de carne, conforme informaram&nbsp;nesta ter\u00e7a-feira (19) os minist\u00e9rios da Agricultura (Mapa) e Pecu\u00e1ria e das Rela\u00e7\u00f5es Exteriores (MRE).<\/strong><\/p>\n\n\n\n<p>Com&nbsp;283 milh\u00f5es de habitantes, o<strong>&nbsp;pa\u00eds asi\u00e1tico \u00e9 considerado um mercado estrat\u00e9gico para o setor de prote\u00edna animal<\/strong>, com&nbsp;aumento do consumo da carne bovina em raz\u00e3o da melhora da renda da popula\u00e7\u00e3o e do crescimento da classe m\u00e9dia urbana.&nbsp;<\/p>\n\n\n\n<p>Em 2024, os indon\u00e9sios compraram US$ 4,2 bilh\u00f5es em produtos agropecu\u00e1rios brasileiros, principalmente sucroalcooleiro, soja, fibras e t\u00eaxteis.&nbsp;<\/p>\n\n\n\n<p>De acordo com o Mapa, com a nova medida,&nbsp;<strong>402 mercados estrangeiros foram abertos para produtos agropecu\u00e1rios brasileiros desde 2023.&nbsp;<\/strong><\/p>\n\n\n\n<h2 class=\"wp-block-heading\">Arg\u00e9lia<\/h2>\n\n\n\n<p>A pasta anunciou ainda a<strong>&nbsp;exporta\u00e7\u00e3o de ovinos vivos (ovelhas, carneiros, cordeiros)&nbsp;para a Arg\u00e9lia<\/strong>.<\/p>\n\n\n\n<p>A abertura desse mercado vai favorecer, em especial, a ovinocultura nas regi\u00f5es Norte e Nordeste do Brasil.<\/p>\n","protected":false},"excerpt":{"rendered":"<p>O Brasil passar\u00e1 a exportar carne bovina para a Indon\u00e9sia, quarto pa\u00eds mais populoso do mundo.&nbsp; Um acordo firmado entre os dois pa\u00edses&nbsp;permite a venda de&nbsp;carne bovina com osso, mi\u00fados bovinos, produtos c\u00e1rneos e preparados de carne, conforme informaram&nbsp;nesta ter\u00e7a-feira (19) os minist\u00e9rios da Agricultura (Mapa) e Pecu\u00e1ria e das Rela\u00e7\u00f5es Exteriores (MRE). Com&nbsp;283 milh\u00f5es [&hellip;]<\/p>\n","protected":false},"author":3,"featured_media":4898,"comment_status":"open","ping_status":"open","sticky":false,"template":"","format":"standard","meta":{"footnotes":""},"categories":[131],"tags":[],"class_list":{"0":"post-4897","1":"post","2":"type-post","3":"status-publish","4":"format-standard","5":"has-post-thumbnail","7":"category-economia"},"_links":{"self":[{"href":"https:\/\/revistavalorenegocios.com\/index.php?rest_route=\/wp\/v2\/posts\/4897","targetHints":{"allow":["GET"]}}],"collection":[{"href":"https:\/\/revistavalorenegocios.com\/index.php?rest_route=\/wp\/v2\/posts"}],"about":[{"href":"https:\/\/revistavalorenegocios.com\/index.php?rest_route=\/wp\/v2\/types\/post"}],"author":[{"embeddable":true,"href":"https:\/\/revistavalorenegocios.com\/index.php?rest_route=\/wp\/v2\/users\/3"}],"replies":[{"embeddable":true,"href":"https:\/\/revistavalorenegocios.com\/index.php?rest_route=%2Fwp%2Fv2%2Fcomments&post=4897"}],"version-history":[{"count":1,"href":"https:\/\/revistavalorenegocios.com\/index.php?rest_route=\/wp\/v2\/posts\/4897\/revisions"}],"predecessor-version":[{"id":4899,"href":"https:\/\/revistavalorenegocios.com\/index.php?rest_route=\/wp\/v2\/posts\/4897\/revisions\/4899"}],"wp:featuredmedia":[{"embeddable":true,"href":"https:\/\/revistavalorenegocios.com\/index.php?rest_route=\/wp\/v2\/media\/4898"}],"wp:attachment":[{"href":"https:\/\/revistavalorenegocios.com\/index.php?rest_route=%2Fwp%2Fv2%2Fmedia&parent=4897"}],"wp:term":[{"taxonomy":"category","embeddable":true,"href":"https:\/\/revistavalorenegocios.com\/index.php?rest_route=%2Fwp%2Fv2%2Fcategories&post=4897"},{"taxonomy":"post_tag","embeddable":true,"href":"https:\/\/revistavalorenegocios.com\/index.php?rest_route=%2Fwp%2Fv2%2Ftags&post=4897"}],"curies":[{"name":"wp","href":"https:\/\/api.w.org\/{rel}","templated":true}]}}