{"id":4906,"date":"2025-08-22T18:42:00","date_gmt":"2025-08-22T18:42:00","guid":{"rendered":"https:\/\/revistavalorenegocios.com\/?p=4906"},"modified":"2025-08-31T06:44:32","modified_gmt":"2025-08-31T06:44:32","slug":"receita-libera-consulta-a-quarto-lote-de-restituicao-do-ir","status":"publish","type":"post","link":"https:\/\/revistavalorenegocios.com\/?p=4906","title":{"rendered":"Receita libera consulta a quarto lote de restitui\u00e7\u00e3o do IR"},"content":{"rendered":"\n<p>A partir das 10h desta sexta-feira (22), cerca de 1,9 milh\u00e3o de contribuintes que entregaram a Declara\u00e7\u00e3o do Imposto de Renda Pessoa F\u00edsica deste ano acertar\u00e3o as contas com o Le\u00e3o. Nesse hor\u00e1rio, a Receita Federal liberar\u00e1 a&nbsp;<strong>consulta ao quarto dos cinco lotes de restitui\u00e7\u00e3o de 2025<\/strong>.&nbsp;<strong>O lote tamb\u00e9m contempla restitui\u00e7\u00f5es residuais de anos anteriores<\/strong>.<img decoding=\"async\" src=\"https:\/\/agenciabrasil.ebc.com.br\/ebc.png?id=1655325&amp;o=node\"><img decoding=\"async\" src=\"https:\/\/agenciabrasil.ebc.com.br\/ebc.gif?id=1655325&amp;o=node\"><\/p>\n\n\n\n<p>Ao todo, 1.884.035&nbsp;contribuintes receber\u00e3o R$ 2,92 bilh\u00f5es. A maior parte do valor, informou o Fisco, ir\u00e1 para contribuintes sem prioridade no reembolso, que declararam perto do fim do prazo.<\/p>\n\n\n\n<p><strong>As restitui\u00e7\u00f5es est\u00e3o distribu\u00eddas da seguinte forma:<\/strong><\/p>\n\n\n\n<ul class=\"wp-block-list\">\n<li>1.454.509\u00a0contribuintes sem prioridade;<\/li>\n\n\n\n<li>312.915\u00a0contribuintes que usaram a declara\u00e7\u00e3o pr\u00e9-preenchida e\/ou optaram simultaneamente por receber a restitui\u00e7\u00e3o via Pix;<\/li>\n\n\n\n<li>72.434\u00a0contribuintes de 60 a 79 anos;<\/li>\n\n\n\n<li>22.841\u00a0contribuintes cuja maior fonte de renda seja o magist\u00e9rio;<\/li>\n\n\n\n<li>13.515\u00a0contribuintes acima de 80 anos;<\/li>\n\n\n\n<li>7.821\u00a0contribuintes com defici\u00eancia f\u00edsica ou mental ou doen\u00e7a grave.<\/li>\n<\/ul>\n\n\n\n<p><strong>Embora n\u00e3o tenham prioridade por lei, os contribuintes que usaram dois procedimentos em conjunto, pr\u00e9-preenchida e Pix, passaram a ter prioridade no recebimento da restitui\u00e7\u00e3o neste ano. No entanto, a maior parte das restitui\u00e7\u00f5es a esse p\u00fablico foi paga nos tr\u00eas lotes anteriores.<\/strong><\/p>\n\n\n\n<p>A consulta poder\u00e1 ser feita na&nbsp;<a href=\"https:\/\/www.gov.br\/receitafederal\/pt-br\" target=\"_blank\" rel=\"noreferrer noopener\">p\u00e1gina da Receita Federal<\/a>&nbsp;na internet. Basta o contribuinte clicar em \u201cMeu Imposto de Renda\u201d e, em seguida, no bot\u00e3o \u201cConsultar a Restitui\u00e7\u00e3o\u201d. Tamb\u00e9m \u00e9 poss\u00edvel fazer a consulta no aplicativo da Receita Federal para tablets e smartphones.<\/p>\n\n\n\n<p><strong>O pagamento ser\u00e1 feito em 29 de agosto, na conta ou na chave Pix do tipo CPF informada na declara\u00e7\u00e3o do Imposto de Renda<\/strong>. Caso o contribuinte n\u00e3o esteja na lista, dever\u00e1 entrar no Centro Virtual de Atendimento ao Contribuinte (e-CAC) &lt;https:\/\/cav.receita.fazenda.gov.br\/&gt; e tirar o extrato da declara\u00e7\u00e3o. Se verificar uma pend\u00eancia, pode enviar uma declara\u00e7\u00e3o retificadora e esperar os pr\u00f3ximos lotes da malha fina.<\/p>\n\n\n\n<p>Se, por algum motivo, a restitui\u00e7\u00e3o n\u00e3o for depositada na conta informada na declara\u00e7\u00e3o, como no caso de conta desativada, os<strong>\u00a0valores ficar\u00e3o dispon\u00edveis para resgate por at\u00e9 um ano no Banco do Brasil<\/strong>. Nesse caso, o cidad\u00e3o poder\u00e1 agendar o cr\u00e9dito em qualquer conta banc\u00e1ria em seu nome, por meio do\u00a0Portal BB\u00a0ou ligando para a Central de Relacionamento do banco, nos telefones 4004-0001 (capitais), 0800-729-0001 (demais localidades) e 0800-729-0088 (telefone especial exclusivo para deficientes auditivos).<\/p>\n\n\n\n<p>Caso o contribuinte n\u00e3o resgate o valor de sua restitui\u00e7\u00e3o depois de um ano, dever\u00e1 requerer o valor no Portal e-CAC. Ao entrar na p\u00e1gina, o cidad\u00e3o deve acessando o menu \u201cDeclara\u00e7\u00f5es e Demonstrativos\u201d, clicar em \u201cMeu Imposto de Renda\u201d e, em seguida, no campo &#8220;Solicitar restitui\u00e7\u00e3o n\u00e3o resgatada na rede banc\u00e1ria&#8221;.<\/p>\n","protected":false},"excerpt":{"rendered":"<p>A partir das 10h desta sexta-feira (22), cerca de 1,9 milh\u00e3o de contribuintes que entregaram a Declara\u00e7\u00e3o do Imposto de Renda Pessoa F\u00edsica deste ano acertar\u00e3o as contas com o Le\u00e3o. Nesse hor\u00e1rio, a Receita Federal liberar\u00e1 a&nbsp;consulta ao quarto dos cinco lotes de restitui\u00e7\u00e3o de 2025.&nbsp;O lote tamb\u00e9m contempla restitui\u00e7\u00f5es residuais de anos anteriores. [&hellip;]<\/p>\n","protected":false},"author":3,"featured_media":4907,"comment_status":"open","ping_status":"open","sticky":false,"template":"","format":"standard","meta":{"footnotes":""},"categories":[131],"tags":[],"class_list":{"0":"post-4906","1":"post","2":"type-post","3":"status-publish","4":"format-standard","5":"has-post-thumbnail","7":"category-economia"},"_links":{"self":[{"href":"https:\/\/revistavalorenegocios.com\/index.php?rest_route=\/wp\/v2\/posts\/4906","targetHints":{"allow":["GET"]}}],"collection":[{"href":"https:\/\/revistavalorenegocios.com\/index.php?rest_route=\/wp\/v2\/posts"}],"about":[{"href":"https:\/\/revistavalorenegocios.com\/index.php?rest_route=\/wp\/v2\/types\/post"}],"author":[{"embeddable":true,"href":"https:\/\/revistavalorenegocios.com\/index.php?rest_route=\/wp\/v2\/users\/3"}],"replies":[{"embeddable":true,"href":"https:\/\/revistavalorenegocios.com\/index.php?rest_route=%2Fwp%2Fv2%2Fcomments&post=4906"}],"version-history":[{"count":1,"href":"https:\/\/revistavalorenegocios.com\/index.php?rest_route=\/wp\/v2\/posts\/4906\/revisions"}],"predecessor-version":[{"id":4908,"href":"https:\/\/revistavalorenegocios.com\/index.php?rest_route=\/wp\/v2\/posts\/4906\/revisions\/4908"}],"wp:featuredmedia":[{"embeddable":true,"href":"https:\/\/revistavalorenegocios.com\/index.php?rest_route=\/wp\/v2\/media\/4907"}],"wp:attachment":[{"href":"https:\/\/revistavalorenegocios.com\/index.php?rest_route=%2Fwp%2Fv2%2Fmedia&parent=4906"}],"wp:term":[{"taxonomy":"category","embeddable":true,"href":"https:\/\/revistavalorenegocios.com\/index.php?rest_route=%2Fwp%2Fv2%2Fcategories&post=4906"},{"taxonomy":"post_tag","embeddable":true,"href":"https:\/\/revistavalorenegocios.com\/index.php?rest_route=%2Fwp%2Fv2%2Ftags&post=4906"}],"curies":[{"name":"wp","href":"https:\/\/api.w.org\/{rel}","templated":true}]}}