{"id":4921,"date":"2025-08-26T14:16:00","date_gmt":"2025-08-26T14:16:00","guid":{"rendered":"https:\/\/revistavalorenegocios.com\/?p=4921"},"modified":"2025-09-01T02:18:11","modified_gmt":"2025-09-01T02:18:11","slug":"previa-da-inflacao-oficial-de-agosto-recua-014-diz-ibge","status":"publish","type":"post","link":"https:\/\/revistavalorenegocios.com\/?p=4921","title":{"rendered":"Pr\u00e9via da infla\u00e7\u00e3o oficial de agosto recua 0,14%, diz IBGE"},"content":{"rendered":"\n<p><strong>Desconto na conta de luz, queda no pre\u00e7o dos alimentos e gasolina mais barata s\u00e3o fatores que fizeram a pr\u00e9via da infla\u00e7\u00e3o de agosto ficar negativa em 0,14%. Na m\u00e9dia, o custo de vida das fam\u00edlias ficou mais em conta.<\/strong><img decoding=\"async\" src=\"https:\/\/agenciabrasil.ebc.com.br\/ebc.png?id=1655803&amp;o=node\"><img decoding=\"async\" src=\"https:\/\/agenciabrasil.ebc.com.br\/ebc.gif?id=1655803&amp;o=node\"><\/p>\n\n\n\n<p>A constata\u00e7\u00e3o est\u00e1 no \u00cdndice Nacional de Pre\u00e7os ao Consumidor Amplo 15 (IPCA-15), considerado a pr\u00e9via da infla\u00e7\u00e3o oficial no pa\u00eds, divulgado nesta ter\u00e7a-feira (26) pelo\u00a0Instituto Brasileiro de Geografia e Estat\u00edstica (IBGE).\u00a0<\/p>\n\n\n\n<p>Em julho, o IPCA-15 tinha marcado 0,33%.<\/p>\n\n\n\n<p><strong>O resultado de agosto \u00e9 o menor desde setembro de 2022 (-0,37%) e a primeira defla\u00e7\u00e3o (infla\u00e7\u00e3o negativa) desde julho de 2023 (-0,07%)<\/strong>. Em agosto de 2024, o \u00edndice marcou 0,19%.<\/p>\n\n\n\n<p><strong>Com o resultado conhecido nesta ter\u00e7a-feira, o IPCA-15 acumulado em 12 meses fica em 4,95%. Em julho, era 5,30%.<\/strong><\/p>\n\n\n\n<p>O governo trabalha com a meta de manter a infla\u00e7\u00e3o oficial em 3% ao ano, com margem de toler\u00e2ncia de 1,5 ponto percentual (p.p.) para mais ou para menos, isto \u00e9, o m\u00e1ximo tolerado em 4,5%.<br><\/p>\n\n\n\n<h2 class=\"wp-block-heading\">B\u00f4nus de Itaipu<\/h2>\n\n\n\n<p>Dos nove grupos de produtos e servi\u00e7os pesquisados pelo IBGE, quatro apresentam defla\u00e7\u00e3o na pr\u00e9via de agosto.&nbsp;<strong>Destaque para a habita\u00e7\u00e3o, que viu os pre\u00e7os recuarem 1,13%, representando impacto de -0,17%, o maior impacto negativo dentre os nove grupos.<\/strong><\/p>\n\n\n\n<p>O que mais puxou essa queda na infla\u00e7\u00e3o da habita\u00e7\u00e3o foi a conta de luz, que baixou 4,93%.&nbsp;<strong>De todos os 377 produtos e servi\u00e7os apurados pelo IBGE, foi o pre\u00e7o da energia el\u00e9trica residencial que mais pressionou o IPCA-15 para baixo, com impacto de 0,20 p.p.<\/strong><\/p>\n\n\n\n<p>A explica\u00e7\u00e3o est\u00e1 no chamado B\u00f4nus de Itaipu, desconto na conta que beneficiou 80,8 milh\u00f5es de consumidores. Conforme adiantou a<strong>\u00a0Ag\u00eancia Brasil, a\u00a0bonifica\u00e7\u00e3o\u00a0compensou a bandeira tarif\u00e1ria vermelha 2, que adiciona R$ 7,87 na conta e luz a cada 100 Kwh consumidos.<\/strong><\/p>\n\n\n\n<h2 class=\"wp-block-heading\">Alimentos<\/h2>\n\n\n\n<p>O segundo grupo que mais ajudou a segurar a infla\u00e7\u00e3o foi o de alimentos e bebidas, que recuou 0,53% (impacto de -0,12 p.p.).&nbsp;<strong>\u00c9 o terceiro m\u00eas seguido de defla\u00e7\u00e3o no pre\u00e7o da comida, depois de nove meses seguidos de alta.<\/strong><\/p>\n\n\n\n<p>A alimenta\u00e7\u00e3o no domic\u00edlio caiu 1,02% em agosto, com destaque para as quedas nos pre\u00e7os da manga (-20,99%), batata-inglesa (-18,77%), cebola (-13,83%), tomate (-7,71%), arroz (-3,12%) e carnes (-0,94%).<\/p>\n\n\n\n<h2 class=\"wp-block-heading\">Gasolina<\/h2>\n\n\n\n<p><strong>O grupo dos transportes apresentou defla\u00e7\u00e3o de 0,47% na pr\u00e9via de agosto, o que representa impacto de -0,10 p.p. no IPCA-15. O resultado foi impulsionado pelas quedas nas passagens a\u00e9reas (-2,59%), autom\u00f3vel novo (-1,32%) e na gasolina (-1,14%).<\/strong><\/p>\n\n\n\n<p>A gasolina \u00e9 o subitem da cesta de consumo do brasileiro com maior peso, e a queda em agosto representou impacto de -0,06 p.p.<\/p>\n\n\n\n<p>O conjunto de combust\u00edveis recuou 1,18% em m\u00e9dia, com defla\u00e7\u00e3o dos pre\u00e7os do \u00f3leo diesel (-0,20%), g\u00e1s veicular (-0,25%) e etanol (-1,98%).<\/p>\n\n\n\n<h2 class=\"wp-block-heading\">Demais grupos<\/h2>\n\n\n\n<p><strong>O grupo comunica\u00e7\u00e3o caiu 0,17% no m\u00eas, com impacto de -0,01 p.p. no IPCA-15. Os demais cinco grupos tiveram varia\u00e7\u00f5es e impactos positivo ou nulo:<\/strong><\/p>\n\n\n\n<ul class=\"wp-block-list\">\n<li>Despesas pessoais (1,09% e 0,11 p.p.)<\/li>\n\n\n\n<li>Educa\u00e7\u00e3o (0,78% e 0,05 p.p.)<\/li>\n\n\n\n<li>Sa\u00fade e cuidados pessoais (0,64% e 0,09 p.p.)<\/li>\n\n\n\n<li>Vestu\u00e1rio (0,17% e 0,01 p.p.)<\/li>\n\n\n\n<li>Artigos de resid\u00eancia (0,03% e 0,00, p.p.)<\/li>\n<\/ul>\n","protected":false},"excerpt":{"rendered":"<p>Desconto na conta de luz, queda no pre\u00e7o dos alimentos e gasolina mais barata s\u00e3o fatores que fizeram a pr\u00e9via da infla\u00e7\u00e3o de agosto ficar negativa em 0,14%. Na m\u00e9dia, o custo de vida das fam\u00edlias ficou mais em conta. A constata\u00e7\u00e3o est\u00e1 no \u00cdndice Nacional de Pre\u00e7os ao Consumidor Amplo 15 (IPCA-15), considerado a [&hellip;]<\/p>\n","protected":false},"author":3,"featured_media":4922,"comment_status":"open","ping_status":"open","sticky":false,"template":"","format":"standard","meta":{"footnotes":""},"categories":[131],"tags":[],"class_list":{"0":"post-4921","1":"post","2":"type-post","3":"status-publish","4":"format-standard","5":"has-post-thumbnail","7":"category-economia"},"_links":{"self":[{"href":"https:\/\/revistavalorenegocios.com\/index.php?rest_route=\/wp\/v2\/posts\/4921","targetHints":{"allow":["GET"]}}],"collection":[{"href":"https:\/\/revistavalorenegocios.com\/index.php?rest_route=\/wp\/v2\/posts"}],"about":[{"href":"https:\/\/revistavalorenegocios.com\/index.php?rest_route=\/wp\/v2\/types\/post"}],"author":[{"embeddable":true,"href":"https:\/\/revistavalorenegocios.com\/index.php?rest_route=\/wp\/v2\/users\/3"}],"replies":[{"embeddable":true,"href":"https:\/\/revistavalorenegocios.com\/index.php?rest_route=%2Fwp%2Fv2%2Fcomments&post=4921"}],"version-history":[{"count":1,"href":"https:\/\/revistavalorenegocios.com\/index.php?rest_route=\/wp\/v2\/posts\/4921\/revisions"}],"predecessor-version":[{"id":4923,"href":"https:\/\/revistavalorenegocios.com\/index.php?rest_route=\/wp\/v2\/posts\/4921\/revisions\/4923"}],"wp:featuredmedia":[{"embeddable":true,"href":"https:\/\/revistavalorenegocios.com\/index.php?rest_route=\/wp\/v2\/media\/4922"}],"wp:attachment":[{"href":"https:\/\/revistavalorenegocios.com\/index.php?rest_route=%2Fwp%2Fv2%2Fmedia&parent=4921"}],"wp:term":[{"taxonomy":"category","embeddable":true,"href":"https:\/\/revistavalorenegocios.com\/index.php?rest_route=%2Fwp%2Fv2%2Fcategories&post=4921"},{"taxonomy":"post_tag","embeddable":true,"href":"https:\/\/revistavalorenegocios.com\/index.php?rest_route=%2Fwp%2Fv2%2Ftags&post=4921"}],"curies":[{"name":"wp","href":"https:\/\/api.w.org\/{rel}","templated":true}]}}