{"id":4936,"date":"2025-08-30T14:33:00","date_gmt":"2025-08-30T14:33:00","guid":{"rendered":"https:\/\/revistavalorenegocios.com\/?p=4936"},"modified":"2025-09-01T02:33:59","modified_gmt":"2025-09-01T02:33:59","slug":"orcamento-de-2026-estima-crescimento-de-244-para-economia","status":"publish","type":"post","link":"https:\/\/revistavalorenegocios.com\/?p=4936","title":{"rendered":"Or\u00e7amento de 2026 estima crescimento de 2,44% para economia"},"content":{"rendered":"\n<p>Enviado ao Congresso Nacional na noite desta sexta-feira (29), o projeto do Or\u00e7amento do pr\u00f3ximo ano teve altera\u00e7\u00f5es em rela\u00e7\u00e3o \u00e0s estimativas de crescimento econ\u00f4mico&nbsp;na compara\u00e7\u00e3o com os par\u00e2metros da Lei de Diretrizes Or\u00e7ament\u00e1rias (LDO), que tramita desde abril.&nbsp;<strong>A proje\u00e7\u00e3o de aumento do Produto Interno Bruto (PIB, soma dos bens e servi\u00e7os produzidos) em 2026 foi reduzida de 2,5%, na LDO, para 2,44% no Projeto de Lei Or\u00e7ament\u00e1ria (PLOA).<\/strong><img decoding=\"async\" src=\"https:\/\/agenciabrasil.ebc.com.br\/ebc.png?id=1656452&amp;o=node\"><img decoding=\"async\" src=\"https:\/\/agenciabrasil.ebc.com.br\/ebc.gif?id=1656452&amp;o=node\"><\/p>\n\n\n\n<p><strong>A previs\u00e3o para o \u00cdndice Nacional de Pre\u00e7os ao Consumidor Amplo (IPCA)<\/strong>, usado como \u00edndice oficial de infla\u00e7\u00e3o,&nbsp;<strong>subiu, de 3,5% para 3,6% para o pr\u00f3ximo ano<\/strong>.<\/p>\n\n\n\n<p>Outros par\u00e2metros tamb\u00e9m foram revisados. A proposta do Or\u00e7amento prev\u00ea que a&nbsp;<strong>Taxa Selic (juros b\u00e1sicos da economia) encerrar\u00e1 2026 com m\u00e9dia de 13,11% ao ano<\/strong>, contra proje\u00e7\u00e3o de 12,56% ao ano que constava na LDO. A previs\u00e3o para o d\u00f3lar m\u00e9dio caiu de R$ 5,97 para R$ 5,76.<\/p>\n\n\n\n<p>Em rela\u00e7\u00e3o ao IPCA, \u00edndice oficial de infla\u00e7\u00e3o,&nbsp;<strong>a proje\u00e7\u00e3o para o pr\u00f3ximo ano est\u00e1 acima do centro da meta cont\u00ednua de 3% definida pelo Conselho Monet\u00e1rio Nacional (CMN)<\/strong>. Como o conselho determina uma margem de toler\u00e2ncia de 1,5 ponto percentual, a infla\u00e7\u00e3o poder\u00e1 ficar entre 1,5% e 4,5% no pr\u00f3ximo ano sem resultar em descumprimento da meta. Em julho, o IPCA acumulado em 12 meses estava em 5,23%, acima do teto da meta.<\/p>\n\n\n\n<p>O texto enviado ao Congresso<strong>&nbsp;estima o pre\u00e7o m\u00e9dio do barril do petr\u00f3leo (usado para estimar receitas da Uni\u00e3o com<em>&nbsp;royalties<\/em>) em US$ 64,93<\/strong>&nbsp;no pr\u00f3ximo ano e&nbsp;<strong>crescimento de 10,51% na massa salarial nominal<\/strong>.<\/p>\n","protected":false},"excerpt":{"rendered":"<p>Enviado ao Congresso Nacional na noite desta sexta-feira (29), o projeto do Or\u00e7amento do pr\u00f3ximo ano teve altera\u00e7\u00f5es em rela\u00e7\u00e3o \u00e0s estimativas de crescimento econ\u00f4mico&nbsp;na compara\u00e7\u00e3o com os par\u00e2metros da Lei de Diretrizes Or\u00e7ament\u00e1rias (LDO), que tramita desde abril.&nbsp;A proje\u00e7\u00e3o de aumento do Produto Interno Bruto (PIB, soma dos bens e servi\u00e7os produzidos) em 2026 [&hellip;]<\/p>\n","protected":false},"author":3,"featured_media":4937,"comment_status":"open","ping_status":"open","sticky":false,"template":"","format":"standard","meta":{"footnotes":""},"categories":[131],"tags":[],"class_list":{"0":"post-4936","1":"post","2":"type-post","3":"status-publish","4":"format-standard","5":"has-post-thumbnail","7":"category-economia"},"_links":{"self":[{"href":"https:\/\/revistavalorenegocios.com\/index.php?rest_route=\/wp\/v2\/posts\/4936","targetHints":{"allow":["GET"]}}],"collection":[{"href":"https:\/\/revistavalorenegocios.com\/index.php?rest_route=\/wp\/v2\/posts"}],"about":[{"href":"https:\/\/revistavalorenegocios.com\/index.php?rest_route=\/wp\/v2\/types\/post"}],"author":[{"embeddable":true,"href":"https:\/\/revistavalorenegocios.com\/index.php?rest_route=\/wp\/v2\/users\/3"}],"replies":[{"embeddable":true,"href":"https:\/\/revistavalorenegocios.com\/index.php?rest_route=%2Fwp%2Fv2%2Fcomments&post=4936"}],"version-history":[{"count":1,"href":"https:\/\/revistavalorenegocios.com\/index.php?rest_route=\/wp\/v2\/posts\/4936\/revisions"}],"predecessor-version":[{"id":4938,"href":"https:\/\/revistavalorenegocios.com\/index.php?rest_route=\/wp\/v2\/posts\/4936\/revisions\/4938"}],"wp:featuredmedia":[{"embeddable":true,"href":"https:\/\/revistavalorenegocios.com\/index.php?rest_route=\/wp\/v2\/media\/4937"}],"wp:attachment":[{"href":"https:\/\/revistavalorenegocios.com\/index.php?rest_route=%2Fwp%2Fv2%2Fmedia&parent=4936"}],"wp:term":[{"taxonomy":"category","embeddable":true,"href":"https:\/\/revistavalorenegocios.com\/index.php?rest_route=%2Fwp%2Fv2%2Fcategories&post=4936"},{"taxonomy":"post_tag","embeddable":true,"href":"https:\/\/revistavalorenegocios.com\/index.php?rest_route=%2Fwp%2Fv2%2Ftags&post=4936"}],"curies":[{"name":"wp","href":"https:\/\/api.w.org\/{rel}","templated":true}]}}