{"id":4967,"date":"2025-10-03T20:50:00","date_gmt":"2025-10-03T20:50:00","guid":{"rendered":"https:\/\/revistavalorenegocios.com\/?p=4967"},"modified":"2025-10-22T02:52:30","modified_gmt":"2025-10-22T02:52:30","slug":"toyota-anuncia-retomada-de-producao-no-brasil-a-partir-de-novembro","status":"publish","type":"post","link":"https:\/\/revistavalorenegocios.com\/?p=4967","title":{"rendered":"Toyota anuncia retomada de produ\u00e7\u00e3o no Brasil a partir de novembro"},"content":{"rendered":"\n<p>A Toyota do Brasil informou nesta sexta-feira (3) que ir\u00e1 retomar, gradualmente, a produ\u00e7\u00e3o de ve\u00edculos no pa\u00eds a partir de 3 de novembro, nas f\u00e1bricas de Sorocaba e Indaiatuba, em S\u00e3o Paulo.&nbsp;<strong>A terceira unidade da montadora no Brasil, em Porto Feliz, tamb\u00e9m em S\u00e3o Paulo, onde eram fabricados os motores da marca, ainda n\u00e3o tem prazo para voltar a funcionar.<\/strong><img decoding=\"async\" src=\"https:\/\/agenciabrasil.ebc.com.br\/ebc.png?id=1661346&amp;o=node\"><img decoding=\"async\" src=\"https:\/\/agenciabrasil.ebc.com.br\/ebc.gif?id=1661346&amp;o=node\"><\/p>\n\n\n\n<p>As tr\u00eas plantas da montadora no Brasil estavam com a produ\u00e7\u00e3o paralisada desde que um vendaval destruiu parcialmente a f\u00e1brica de Porto Feliz, em 22 de setembro.<\/p>\n\n\n\n<p>\u201cA retomada ocorrer\u00e1 com motores e pe\u00e7as importados de outras unidades no exterior. Nesta primeira etapa, a Toyota do Brasil produzir\u00e1 as vers\u00f5es h\u00edbridas dos modelos Corolla e Corolla Cross, tanto para os mercados dom\u00e9stico quanto de exporta\u00e7\u00e3o, sendo que o plano de produ\u00e7\u00e3o para novembro e dezembro contempla a recupera\u00e7\u00e3o do volume de ve\u00edculos h\u00edbridos n\u00e3o produzidos entre 23 de setembro e 31 de outubro\u201d, disse a montadora, em comunicado.<\/p>\n\n\n\n<p>Com a volta da produ\u00e7\u00e3o nas f\u00e1bricas de Sorocaba e Indaiatuba, a montadora decidiu que a suspens\u00e3o tempor\u00e1ria de contrato de trabalho (<em>lay-off<\/em>) ser\u00e1 aplicada somente aos trabalhadores de Porto Feliz.&nbsp;<strong>Os de Sorocaba e Indaiatuba dever\u00e3o retornar ao trabalho no dia 21 de outubro, ap\u00f3s o t\u00e9rmino das f\u00e9rias emergenciais.<\/strong><\/p>\n\n\n\n<p>Segundo a Toyota do Brasil, somente em janeiro de 2026 ser\u00e1 retomada a produ\u00e7\u00e3o de ve\u00edculos com motores convencionais, tanto para o mercado brasileiro quanto para exporta\u00e7\u00e3o, abrangendo os da linha de produ\u00e7\u00e3o atual \u2013 Corolla e Corolla Cross, al\u00e9m do Yaris Hatch, feito exclusivamente para exporta\u00e7\u00e3o. Ainda n\u00e3o h\u00e1 data prevista para o lan\u00e7amento do novo modelo Yaris Cross, informou a Toyota.<\/p>\n","protected":false},"excerpt":{"rendered":"<p>A Toyota do Brasil informou nesta sexta-feira (3) que ir\u00e1 retomar, gradualmente, a produ\u00e7\u00e3o de ve\u00edculos no pa\u00eds a partir de 3 de novembro, nas f\u00e1bricas de Sorocaba e Indaiatuba, em S\u00e3o Paulo.&nbsp;A terceira unidade da montadora no Brasil, em Porto Feliz, tamb\u00e9m em S\u00e3o Paulo, onde eram fabricados os motores da marca, ainda n\u00e3o [&hellip;]<\/p>\n","protected":false},"author":3,"featured_media":4968,"comment_status":"open","ping_status":"open","sticky":false,"template":"","format":"standard","meta":{"footnotes":""},"categories":[134],"tags":[],"class_list":{"0":"post-4967","1":"post","2":"type-post","3":"status-publish","4":"format-standard","5":"has-post-thumbnail","7":"category-brasil"},"_links":{"self":[{"href":"https:\/\/revistavalorenegocios.com\/index.php?rest_route=\/wp\/v2\/posts\/4967","targetHints":{"allow":["GET"]}}],"collection":[{"href":"https:\/\/revistavalorenegocios.com\/index.php?rest_route=\/wp\/v2\/posts"}],"about":[{"href":"https:\/\/revistavalorenegocios.com\/index.php?rest_route=\/wp\/v2\/types\/post"}],"author":[{"embeddable":true,"href":"https:\/\/revistavalorenegocios.com\/index.php?rest_route=\/wp\/v2\/users\/3"}],"replies":[{"embeddable":true,"href":"https:\/\/revistavalorenegocios.com\/index.php?rest_route=%2Fwp%2Fv2%2Fcomments&post=4967"}],"version-history":[{"count":1,"href":"https:\/\/revistavalorenegocios.com\/index.php?rest_route=\/wp\/v2\/posts\/4967\/revisions"}],"predecessor-version":[{"id":4969,"href":"https:\/\/revistavalorenegocios.com\/index.php?rest_route=\/wp\/v2\/posts\/4967\/revisions\/4969"}],"wp:featuredmedia":[{"embeddable":true,"href":"https:\/\/revistavalorenegocios.com\/index.php?rest_route=\/wp\/v2\/media\/4968"}],"wp:attachment":[{"href":"https:\/\/revistavalorenegocios.com\/index.php?rest_route=%2Fwp%2Fv2%2Fmedia&parent=4967"}],"wp:term":[{"taxonomy":"category","embeddable":true,"href":"https:\/\/revistavalorenegocios.com\/index.php?rest_route=%2Fwp%2Fv2%2Fcategories&post=4967"},{"taxonomy":"post_tag","embeddable":true,"href":"https:\/\/revistavalorenegocios.com\/index.php?rest_route=%2Fwp%2Fv2%2Ftags&post=4967"}],"curies":[{"name":"wp","href":"https:\/\/api.w.org\/{rel}","templated":true}]}}