{"id":4994,"date":"2025-10-14T16:27:00","date_gmt":"2025-10-14T16:27:00","guid":{"rendered":"https:\/\/revistavalorenegocios.com\/?p=4994"},"modified":"2025-10-22T04:28:52","modified_gmt":"2025-10-22T04:28:52","slug":"setor-de-servicos-cresce-01-em-agosto-e-amplia-recorde","status":"publish","type":"post","link":"https:\/\/revistavalorenegocios.com\/?p=4994","title":{"rendered":"Setor de servi\u00e7os cresce 0,1% em agosto e amplia recorde"},"content":{"rendered":"\n<p>O\u00a0setor de servi\u00e7os\u00a0cresceu 0,1% na passagem de julho para agosto, alcan\u00e7ando uma s\u00e9rie de sete meses seguidos de alta, na qual acumula expans\u00e3o de 2,6%.\u00a0O resultado coloca o segmento &#8211; que re\u00fane atividades como transporte, turismo, restaurantes, sal\u00e3o de beleza e tecnologia da informa\u00e7\u00e3o \u2013 no maior patamar j\u00e1 registrado, renovando o recorde que havia sido atingido em julho.<img decoding=\"async\" src=\"https:\/\/agenciabrasil.ebc.com.br\/ebc.png?id=1662768&amp;o=node\"><img decoding=\"async\" src=\"https:\/\/agenciabrasil.ebc.com.br\/ebc.gif?id=1662768&amp;o=node\"><\/p>\n\n\n\n<p><strong>A sequ\u00eancia de sete meses de expans\u00e3o \u00e9 a mais longa desde o per\u00edodo compreendido entre fevereiro e setembro de 2022. Na \u00e9poca, o crescimento somou 5,6%.<\/strong><\/p>\n\n\n\n<p>No acumulado de 12 meses at\u00e9 agosto de 2025, os servi\u00e7os &#8211; setor que mais emprega na economia &#8211; apresentam crescimento de 3,1%. Na compara\u00e7\u00e3o com agosto do ano passado, houve alta de 2,5%.<\/p>\n\n\n\n<p>Os dados fazem parte da\u00a0Pesquisa Mensal de Servi\u00e7os, divulgada nesta ter\u00e7a-feira (14) pelo Instituto Brasileiro de Geografia e Estat\u00edstica (IBGE).\u00a0<\/p>\n\n\n\n<p><strong>Os dados de agosto colocam o segmento em um n\u00edvel 18,7% acima do per\u00edodo pr\u00e9-pandemia de covid-19 (fevereiro de 2020).<\/strong><\/p>\n\n\n\n<p>De acordo com o gerente da pesquisa, Rodrigo Lobo, &#8220;a leitura \u00e9 de um setor de servi\u00e7os que permanece resiliente, forte, que renova a s\u00e9rie hist\u00f3rica&#8221;.<\/p>\n\n\n\n<h2 class=\"wp-block-heading\">Alta em quatro de cinco atividades<\/h2>\n\n\n\n<p><strong>Das cinco atividades pesquisadas pelo IBGE, quatro apresentaram alta na passagem de julho para agosto:<\/strong><\/p>\n\n\n\n<p>&#8211; Servi\u00e7os prestados \u00e0s fam\u00edlias: 1%<\/p>\n\n\n\n<p>&#8211; Servi\u00e7os profissionais e administrativos: 0,4%<\/p>\n\n\n\n<p>&#8211; Transportes, armazenagem e correio: 0,2%<\/p>\n\n\n\n<p>&#8211; Outros servi\u00e7os: 0,6<\/p>\n\n\n\n<p>&#8211; Servi\u00e7os de informa\u00e7\u00e3o e comunica\u00e7\u00e3o: 0,5%<\/p>\n\n\n\n<p><strong>A pesquisa do IBGE aponta como principal impacto positivo de agosto os servi\u00e7os profissionais, administrativos e complementares<\/strong>. A atividade foi puxada por empresas que atuam na \u00e1rea de programas de fidelidade e cart\u00f5es de desconto, atividades jur\u00eddicas&nbsp;e aluguel de m\u00e1quinas e equipamentos.<\/p>\n\n\n\n<p>No caso dos transportes, segmento respons\u00e1vel pelo segundo maior impacto de alta, a expans\u00e3o \u00e9 explicada pelo desempenho do transporte rodovi\u00e1rio coletivo de passageiros,&nbsp;ferrovi\u00e1rio de cargas,&nbsp;log\u00edstica&nbsp;e dutovi\u00e1rio. Parte do protagonismo do transporte \u00e9 explicado pelo bom momento da agricultura, que demanda transporte da colheita.<\/p>\n\n\n\n<p>O grupo servi\u00e7os prestados \u00e0s fam\u00edlias foi influenciado positivamente por atividades de restaurante, servi\u00e7os de buffet e hot\u00e9is. O segmento outros foi empurrado para cima por servi\u00e7os financeiros auxiliares.<\/p>\n\n\n\n<p><strong>O gerente da pesquisa aponta que o \u00fanico grupo que apresentou recuo &#8211;&nbsp;informa\u00e7\u00e3o e comunica\u00e7\u00e3o &#8211;&nbsp;teve o resultado explicado pela alta base de compara\u00e7\u00e3o, que afetou a exibi\u00e7\u00e3o e distribui\u00e7\u00e3o cinematogr\u00e1fica, uma vez que julho foi m\u00eas de f\u00e9rias.<\/strong><\/p>\n\n\n\n<p>No entanto, Lobo destaca que, ao longo do ano, o grupo informa\u00e7\u00e3o e comunica\u00e7\u00e3o \u00e9 um dos motores que impulsionaram os servi\u00e7os, comportamento que se repete tamb\u00e9m no per\u00edodo p\u00f3s-pandemia.<\/p>\n\n\n\n<h2 class=\"wp-block-heading\">\u00cdndice de atividades tur\u00edsticas<\/h2>\n\n\n\n<p><strong>A Pesquisa Mensal de Servi\u00e7os traz ainda o \u00edndice de atividades tur\u00edsticas (Iatur), que subiu 0,8% em agosto, na compara\u00e7\u00e3o com o m\u00eas anterior. Em rela\u00e7\u00e3o a&nbsp;agosto de 2024, houve alta de 4,6%.<\/strong><\/p>\n\n\n\n<p>O segmento de turismo est\u00e1 11,5% acima do patamar pr\u00e9-pandemia e 2% abaixo do ponto mais alto da s\u00e9rie hist\u00f3rica, em dezembro de 2024.<\/p>\n\n\n\n<p>O Iatur re\u00fane 22 das 166 atividades de servi\u00e7os investigadas na pesquisa e que s\u00e3o ligadas \u00e0 atividade tur\u00edstica, como hot\u00e9is, ag\u00eancias de viagens e transporte a\u00e9reo de passageiros.<\/p>\n\n\n\n<p>S\u00e3o divulgadas informa\u00e7\u00f5es de 17 unidades da Federa\u00e7\u00e3o: Cear\u00e1, Pernambuco, Bahia, Minas Gerais, Esp\u00edrito Santo, Rio de Janeiro, S\u00e3o Paulo, Paran\u00e1, Santa Catarina, Rio Grande do Sul, Goi\u00e1s, Distrito Federal, Amazonas, Par\u00e1, Mato Grosso, Alagoas e Rio Grande do Norte.<\/p>\n","protected":false},"excerpt":{"rendered":"<p>O\u00a0setor de servi\u00e7os\u00a0cresceu 0,1% na passagem de julho para agosto, alcan\u00e7ando uma s\u00e9rie de sete meses seguidos de alta, na qual acumula expans\u00e3o de 2,6%.\u00a0O resultado coloca o segmento &#8211; que re\u00fane atividades como transporte, turismo, restaurantes, sal\u00e3o de beleza e tecnologia da informa\u00e7\u00e3o \u2013 no maior patamar j\u00e1 registrado, renovando o recorde que havia [&hellip;]<\/p>\n","protected":false},"author":3,"featured_media":4995,"comment_status":"open","ping_status":"open","sticky":false,"template":"","format":"standard","meta":{"footnotes":""},"categories":[136],"tags":[],"class_list":{"0":"post-4994","1":"post","2":"type-post","3":"status-publish","4":"format-standard","5":"has-post-thumbnail","7":"category-desenvolvimento"},"_links":{"self":[{"href":"https:\/\/revistavalorenegocios.com\/index.php?rest_route=\/wp\/v2\/posts\/4994","targetHints":{"allow":["GET"]}}],"collection":[{"href":"https:\/\/revistavalorenegocios.com\/index.php?rest_route=\/wp\/v2\/posts"}],"about":[{"href":"https:\/\/revistavalorenegocios.com\/index.php?rest_route=\/wp\/v2\/types\/post"}],"author":[{"embeddable":true,"href":"https:\/\/revistavalorenegocios.com\/index.php?rest_route=\/wp\/v2\/users\/3"}],"replies":[{"embeddable":true,"href":"https:\/\/revistavalorenegocios.com\/index.php?rest_route=%2Fwp%2Fv2%2Fcomments&post=4994"}],"version-history":[{"count":1,"href":"https:\/\/revistavalorenegocios.com\/index.php?rest_route=\/wp\/v2\/posts\/4994\/revisions"}],"predecessor-version":[{"id":4996,"href":"https:\/\/revistavalorenegocios.com\/index.php?rest_route=\/wp\/v2\/posts\/4994\/revisions\/4996"}],"wp:featuredmedia":[{"embeddable":true,"href":"https:\/\/revistavalorenegocios.com\/index.php?rest_route=\/wp\/v2\/media\/4995"}],"wp:attachment":[{"href":"https:\/\/revistavalorenegocios.com\/index.php?rest_route=%2Fwp%2Fv2%2Fmedia&parent=4994"}],"wp:term":[{"taxonomy":"category","embeddable":true,"href":"https:\/\/revistavalorenegocios.com\/index.php?rest_route=%2Fwp%2Fv2%2Fcategories&post=4994"},{"taxonomy":"post_tag","embeddable":true,"href":"https:\/\/revistavalorenegocios.com\/index.php?rest_route=%2Fwp%2Fv2%2Ftags&post=4994"}],"curies":[{"name":"wp","href":"https:\/\/api.w.org\/{rel}","templated":true}]}}