{"id":4997,"date":"2025-10-15T16:30:00","date_gmt":"2025-10-15T16:30:00","guid":{"rendered":"https:\/\/revistavalorenegocios.com\/?p=4997"},"modified":"2025-10-22T04:31:51","modified_gmt":"2025-10-22T04:31:51","slug":"vendas-no-comercio-crescem-02-em-agosto-apos-quatro-meses-de-queda","status":"publish","type":"post","link":"https:\/\/revistavalorenegocios.com\/?p=4997","title":{"rendered":"Vendas no com\u00e9rcio crescem 0,2% em agosto, ap\u00f3s quatro meses de queda"},"content":{"rendered":"\n<p><strong>As vendas no com\u00e9rcio cresceram 0,2% na passagem de julho para agosto, interrompendo quatro meses seguidos de queda. J\u00e1 em rela\u00e7\u00e3o ao mesmo per\u00edodo do ano passado, houve alta de 0,4%.<\/strong><img decoding=\"async\" src=\"https:\/\/agenciabrasil.ebc.com.br\/ebc.png?id=1662939&amp;o=node\"><img decoding=\"async\" src=\"https:\/\/agenciabrasil.ebc.com.br\/ebc.gif?id=1662939&amp;o=node\"><\/p>\n\n\n\n<p>Os\u00a0dados fazem parte da Pesquisa Mensal de Com\u00e9rcio, divulgada nesta quarta-feira (15) pelo\u00a0Instituto Brasileiro de Geografia (IBGE).\u00a0<\/p>\n\n\n\n<p>Apesar de o desempenho do setor ter ficado no terreno positivo, o&nbsp;<strong>IBGE considera o movimento como estabilidade, por ser menor que 0,5%.<\/strong>&nbsp;De acordo com o gerente da pesquisa, Cristiano Santos, \u201ca novidade \u00e9 que parou de cair\u201d e n\u00e3o representa uma \u201cvirada de chave\u201d em rela\u00e7\u00e3o aos quatro meses anteriores.<\/p>\n\n\n\n<p><strong>Com o resultado, o setor fica 0,7% abaixo do ponto mais alto j\u00e1 registrado (mar\u00e7o de 2025) e 9,4% acima do patamar pr\u00e9-pandemia de covid-19 (fevereiro de 2020).<\/strong><\/p>\n\n\n\n<p>Em 12 meses, o com\u00e9rcio varejista soma crescimento de 2,2%. Apesar de positivo, o dado acumulado mostra tend\u00eancia de desacelera\u00e7\u00e3o desde dezembro de 2024, quando chegou a marcar 4,1%.<\/p>\n\n\n\n<h2 class=\"wp-block-heading\">Setores<\/h2>\n\n\n\n<p>O IBGE mostra que cinco dos oito segmentos pesquisados apresentaram alta na passagem de julho para agosto:<\/p>\n\n\n\n<p>&#8211; Equipamentos e material para escrit\u00f3rio, inform\u00e1tica e comunica\u00e7\u00e3o: 4,9%<\/p>\n\n\n\n<p>&#8211; Tecidos, vestu\u00e1rio e cal\u00e7ados: 1%<\/p>\n\n\n\n<p>&#8211; Artigos farmac\u00eauticos, m\u00e9dicos, ortop\u00e9dicos e de perfumaria: 0,7%<\/p>\n\n\n\n<p>&#8211; M\u00f3veis e eletrodom\u00e9sticos: 0,4%<\/p>\n\n\n\n<p>&#8211; Hiper, supermercados, produtos aliment\u00edcios, bebidas e fumo: 0,4%<\/p>\n\n\n\n<p>&#8211; Livros, jornais, revistas e papelaria: -2,1%<\/p>\n\n\n\n<p>&#8211; Combust\u00edveis e lubrificantes: -0,6%<\/p>\n\n\n\n<p>&#8211; Outros artigos de uso pessoal e dom\u00e9stico: -0,5%<\/p>\n\n\n\n<p><strong>Cristiano Santos explica que o desempenho do setor de equipamentos e material para escrit\u00f3rio, inform\u00e1tica e comunica\u00e7\u00e3o foi influenciado positivamente pela desvaloriza\u00e7\u00e3o do d\u00f3lar ante o real, que deixa produtos com componentes importados mais baratos no Brasil.<\/strong><\/p>\n\n\n\n<p>No segmento de cal\u00e7ados, as vendas receberam efeitos positivos do Dia dos Pais.<\/p>\n\n\n\n<p>Um dos fatores que ajudaram no desempenho de julho para agosto foi a infla\u00e7\u00e3o, segundo Santos, que ficou negativa em agosto (-0,11%).\u00a0<\/p>\n\n\n\n<p>Santos destaca ainda que, apesar dos juros altos, que encarecem o cr\u00e9dito, houve aumento no volume de empr\u00e9stimos para pessoas f\u00edsicas (+1,5% ante julho), o que favorece o consumo.<\/p>\n\n\n\n<h2 class=\"wp-block-heading\">Atacado<\/h2>\n\n\n\n<p>No com\u00e9rcio varejista ampliado, que inclui atividades de atacado \u2500 ve\u00edculos, motos, partes e pe\u00e7as; material de constru\u00e7\u00e3o; e produtos aliment\u00edcios, bebidas e fumo \u2500 as vendas cresceram 0,9% de julho para agosto e sobem 0,7% no acumulado de 12 meses.<\/p>\n\n\n\n<p><strong>A pesquisa do IBGE representa um conjunto de 6.770 empresas em todo o pa\u00eds.<\/strong>\u00a0De acordo com Cristiano Santos, o\u00a0levantamento n\u00e3o identifica efeitos aparentes do tarifa\u00e7o americano, que encarece alguns produtos brasileiros exportados para os Estados Unidos.\u00a0<\/p>\n\n\n\n<h2 class=\"wp-block-heading\">Conjunto da economia<\/h2>\n\n\n\n<p>A Pesquisa Mensal de Com\u00e9rcio \u00e9 a terceira divulga\u00e7\u00e3o de tr\u00eas levantamentos conjunturais divulgados mensalmente pelo IBGE. Nos \u00faltimos dias, o instituto revelou que o\u00a0pa\u00eds apresentou alta de 0,1% nos servi\u00e7os, ampliando recorde do setor, e\u00a0a ind\u00fastria cresceu 0,8% em agosto, interrompendo quatro meses seguidos sem crescimento.\u00a0<\/p>\n","protected":false},"excerpt":{"rendered":"<p>As vendas no com\u00e9rcio cresceram 0,2% na passagem de julho para agosto, interrompendo quatro meses seguidos de queda. J\u00e1 em rela\u00e7\u00e3o ao mesmo per\u00edodo do ano passado, houve alta de 0,4%. Os\u00a0dados fazem parte da Pesquisa Mensal de Com\u00e9rcio, divulgada nesta quarta-feira (15) pelo\u00a0Instituto Brasileiro de Geografia (IBGE).\u00a0 Apesar de o desempenho do setor ter [&hellip;]<\/p>\n","protected":false},"author":3,"featured_media":4998,"comment_status":"open","ping_status":"open","sticky":false,"template":"","format":"standard","meta":{"footnotes":""},"categories":[136],"tags":[],"class_list":{"0":"post-4997","1":"post","2":"type-post","3":"status-publish","4":"format-standard","5":"has-post-thumbnail","7":"category-desenvolvimento"},"_links":{"self":[{"href":"https:\/\/revistavalorenegocios.com\/index.php?rest_route=\/wp\/v2\/posts\/4997","targetHints":{"allow":["GET"]}}],"collection":[{"href":"https:\/\/revistavalorenegocios.com\/index.php?rest_route=\/wp\/v2\/posts"}],"about":[{"href":"https:\/\/revistavalorenegocios.com\/index.php?rest_route=\/wp\/v2\/types\/post"}],"author":[{"embeddable":true,"href":"https:\/\/revistavalorenegocios.com\/index.php?rest_route=\/wp\/v2\/users\/3"}],"replies":[{"embeddable":true,"href":"https:\/\/revistavalorenegocios.com\/index.php?rest_route=%2Fwp%2Fv2%2Fcomments&post=4997"}],"version-history":[{"count":1,"href":"https:\/\/revistavalorenegocios.com\/index.php?rest_route=\/wp\/v2\/posts\/4997\/revisions"}],"predecessor-version":[{"id":4999,"href":"https:\/\/revistavalorenegocios.com\/index.php?rest_route=\/wp\/v2\/posts\/4997\/revisions\/4999"}],"wp:featuredmedia":[{"embeddable":true,"href":"https:\/\/revistavalorenegocios.com\/index.php?rest_route=\/wp\/v2\/media\/4998"}],"wp:attachment":[{"href":"https:\/\/revistavalorenegocios.com\/index.php?rest_route=%2Fwp%2Fv2%2Fmedia&parent=4997"}],"wp:term":[{"taxonomy":"category","embeddable":true,"href":"https:\/\/revistavalorenegocios.com\/index.php?rest_route=%2Fwp%2Fv2%2Fcategories&post=4997"},{"taxonomy":"post_tag","embeddable":true,"href":"https:\/\/revistavalorenegocios.com\/index.php?rest_route=%2Fwp%2Fv2%2Ftags&post=4997"}],"curies":[{"name":"wp","href":"https:\/\/api.w.org\/{rel}","templated":true}]}}