{"id":5000,"date":"2025-10-16T16:33:00","date_gmt":"2025-10-16T16:33:00","guid":{"rendered":"https:\/\/revistavalorenegocios.com\/?p=5000"},"modified":"2025-10-22T04:34:18","modified_gmt":"2025-10-22T04:34:18","slug":"atividade-economica-brasileira-cresce-04-em-agosto","status":"publish","type":"post","link":"https:\/\/revistavalorenegocios.com\/?p=5000","title":{"rendered":"Atividade econ\u00f4mica brasileira cresce 0,4% em agosto"},"content":{"rendered":"\n<p>A atividade econ\u00f4mica brasileira apresentou crescimento no m\u00eas de agosto deste ano, de acordo com informa\u00e7\u00f5es divulgadas nesta quinta-feira (16) pelo Banco Central (BC).&nbsp;<strong>O \u00cdndice de Atividade Econ\u00f4mica do Banco Central (IBC-Br) subiu 0,4% em agosto em rela\u00e7\u00e3o ao m\u00eas anterior, considerando os dados dessazonalizados (ajustados para o per\u00edodo).<\/strong><img decoding=\"async\" src=\"https:\/\/agenciabrasil.ebc.com.br\/ebc.png?id=1663112&amp;o=node\"><img decoding=\"async\" src=\"https:\/\/agenciabrasil.ebc.com.br\/ebc.gif?id=1663112&amp;o=node\"><\/p>\n\n\n\n<p>Na compara\u00e7\u00e3o com agosto de 2024, houve varia\u00e7\u00e3o positiva de 0,1%, sem ajuste para o per\u00edodo, j\u00e1 que a compara\u00e7\u00e3o \u00e9 entre meses iguais. No acumulado do ano, o indicador ficou positivo em 2,6% e, em 12 meses, registrou alta de 3,2%.<\/p>\n\n\n\n<p><strong>O IBC-Br \u00e9 uma forma de avaliar a evolu\u00e7\u00e3o da atividade econ\u00f4mica do pa\u00eds e ajuda o Comit\u00ea de Pol\u00edtica Monet\u00e1ria (Copom) do BC a tomar decis\u00f5es sobre a taxa b\u00e1sica de juros, a Selic,\u00a0definida atualmente em 15%\u00a0ao ano.<\/strong>\u00a0O \u00edndice incorpora informa\u00e7\u00f5es sobre o n\u00edvel de atividade de setores da economia \u2013 ind\u00fastria, com\u00e9rcio e servi\u00e7os e agropecu\u00e1ria \u2013, al\u00e9m do volume de impostos.<\/p>\n\n\n\n<p>A Selic \u00e9 o principal instrumento do BC para alcan\u00e7ar a meta de infla\u00e7\u00e3o. Quando o Copom aumenta a taxa b\u00e1sica de juros, a finalidade \u00e9 conter a demanda aquecida e isso causa reflexos nos pre\u00e7os porque os juros mais altos encarecem o cr\u00e9dito e estimulam a poupan\u00e7a. Desse modo, taxas mais altas ajudam a redu\u00e7\u00e3o da infla\u00e7\u00e3o, mas tamb\u00e9m podem dificultar a expans\u00e3o da economia.<\/p>\n\n\n\n<p>Quando o Copom diminui a Selic, a tend\u00eancia \u00e9 que o cr\u00e9dito fique mais barato, com incentivo \u00e0 produ\u00e7\u00e3o e ao consumo, reduzindo o controle sobre a infla\u00e7\u00e3o e estimulando a atividade econ\u00f4mica.<\/p>\n\n\n\n<h2 class=\"wp-block-heading\">Infla\u00e7\u00e3o<\/h2>\n\n\n\n<p><strong>Depois de queda em agosto, em setembro\u00a0a\u00a0infla\u00e7\u00e3o oficial\u00a0subiu 0,48%, com influ\u00eancia da alta da conta de luz. Em 12 meses, o \u00cdndice Nacional de Pre\u00e7os ao Consumidor Amplo (IPCA) acumula 5,17%, acima do teto da meta, de 4,5%.<\/strong><\/p>\n\n\n\n<p>As incertezas do cen\u00e1rio econ\u00f4mico externo e esses indicadores, como o IBC-Br, que mostram a modera\u00e7\u00e3o no crescimento interno est\u00e3o entre os fatores que levaram o Copom a manter os juros b\u00e1sicos em 15% ao ano, na \u00faltima reuni\u00e3o, em setembro.<\/p>\n\n\n\n<p><strong>A inten\u00e7\u00e3o do colegiado \u00e9, de acordo com a\u00a0ata divulgada, manter a taxa Selic atual \u201cpor per\u00edodo bastante prolongado\u201d para garantir que a meta da infla\u00e7\u00e3o seja alcan\u00e7ada.<\/strong><\/p>\n\n\n\n<h2 class=\"wp-block-heading\">Produto Interno Bruto<\/h2>\n\n\n\n<p>Divulgado mensalmente, o IBC-Br emprega metodologia diferente da utilizada para medir o Produto Interno Bruto (PIB), que \u00e9 o indicador oficial da economia brasileira divulgado pelo Instituto Brasileiro de Geografia Estat\u00edstica (IBGE). Segundo o BC, o \u00edndice \u201ccontribui para a elabora\u00e7\u00e3o de estrat\u00e9gia da pol\u00edtica monet\u00e1ria\u201d do pa\u00eds, mas \u201cn\u00e3o \u00e9 exatamente uma pr\u00e9via do PIB.\u201d<\/p>\n\n\n\n<p>O PIB \u00e9 a soma de todos os bens e servi\u00e7os finais produzidos por um pa\u00eds. Puxada pelas expans\u00f5es dos servi\u00e7os e da ind\u00fastria, no segundo trimestre deste ano, a\u00a0economia brasileira cresceu 0,4%.<\/p>\n\n\n\n<p><strong>Em 2024, o PIB fechou com alta de 3,4%. O resultado representa o quarto ano seguido de crescimento, sendo a maior expans\u00e3o desde 2021, quando o PIB alcan\u00e7ou 4,8%.<\/strong><\/p>\n","protected":false},"excerpt":{"rendered":"<p>A atividade econ\u00f4mica brasileira apresentou crescimento no m\u00eas de agosto deste ano, de acordo com informa\u00e7\u00f5es divulgadas nesta quinta-feira (16) pelo Banco Central (BC).&nbsp;O \u00cdndice de Atividade Econ\u00f4mica do Banco Central (IBC-Br) subiu 0,4% em agosto em rela\u00e7\u00e3o ao m\u00eas anterior, considerando os dados dessazonalizados (ajustados para o per\u00edodo). Na compara\u00e7\u00e3o com agosto de 2024, [&hellip;]<\/p>\n","protected":false},"author":3,"featured_media":5001,"comment_status":"open","ping_status":"open","sticky":false,"template":"","format":"standard","meta":{"footnotes":""},"categories":[131],"tags":[],"class_list":{"0":"post-5000","1":"post","2":"type-post","3":"status-publish","4":"format-standard","5":"has-post-thumbnail","7":"category-economia"},"_links":{"self":[{"href":"https:\/\/revistavalorenegocios.com\/index.php?rest_route=\/wp\/v2\/posts\/5000","targetHints":{"allow":["GET"]}}],"collection":[{"href":"https:\/\/revistavalorenegocios.com\/index.php?rest_route=\/wp\/v2\/posts"}],"about":[{"href":"https:\/\/revistavalorenegocios.com\/index.php?rest_route=\/wp\/v2\/types\/post"}],"author":[{"embeddable":true,"href":"https:\/\/revistavalorenegocios.com\/index.php?rest_route=\/wp\/v2\/users\/3"}],"replies":[{"embeddable":true,"href":"https:\/\/revistavalorenegocios.com\/index.php?rest_route=%2Fwp%2Fv2%2Fcomments&post=5000"}],"version-history":[{"count":1,"href":"https:\/\/revistavalorenegocios.com\/index.php?rest_route=\/wp\/v2\/posts\/5000\/revisions"}],"predecessor-version":[{"id":5002,"href":"https:\/\/revistavalorenegocios.com\/index.php?rest_route=\/wp\/v2\/posts\/5000\/revisions\/5002"}],"wp:featuredmedia":[{"embeddable":true,"href":"https:\/\/revistavalorenegocios.com\/index.php?rest_route=\/wp\/v2\/media\/5001"}],"wp:attachment":[{"href":"https:\/\/revistavalorenegocios.com\/index.php?rest_route=%2Fwp%2Fv2%2Fmedia&parent=5000"}],"wp:term":[{"taxonomy":"category","embeddable":true,"href":"https:\/\/revistavalorenegocios.com\/index.php?rest_route=%2Fwp%2Fv2%2Fcategories&post=5000"},{"taxonomy":"post_tag","embeddable":true,"href":"https:\/\/revistavalorenegocios.com\/index.php?rest_route=%2Fwp%2Fv2%2Ftags&post=5000"}],"curies":[{"name":"wp","href":"https:\/\/api.w.org\/{rel}","templated":true}]}}