{"id":5048,"date":"2025-12-11T18:25:25","date_gmt":"2025-12-11T18:25:25","guid":{"rendered":"https:\/\/revistavalorenegocios.com\/?p=5048"},"modified":"2025-12-11T18:25:27","modified_gmt":"2025-12-11T18:25:27","slug":"vendas-no-comercio-voltam-a-ganhar-folego-e-crescem-05-em-outubro","status":"publish","type":"post","link":"https:\/\/revistavalorenegocios.com\/?p=5048","title":{"rendered":"Vendas no com\u00e9rcio voltam a ganhar f\u00f4lego e crescem 0,5% em outubro"},"content":{"rendered":"\n<p><strong>As vendas no com\u00e9rcio cresceram 0,5% em outubro, na compara\u00e7\u00e3o com setembro. O resultado \u00e9 a maior alta entre meses seguidos desde mar\u00e7o de 2025, quando tinha crescido 0,7%<\/strong>.<img decoding=\"async\" src=\"https:\/\/agenciabrasil.ebc.com.br\/ebc.png?id=1671772&amp;o=node\"><img decoding=\"async\" src=\"https:\/\/agenciabrasil.ebc.com.br\/ebc.gif?id=1671772&amp;o=node\"><\/p>\n\n\n\n<p>Na compara\u00e7\u00e3o com outubro de 2024, o com\u00e9rcio brasileiro avan\u00e7ou 1,1%. No acumulado de 12 meses, o setor cresceu 1,7%, menor patamar desde dezembro de 2024, quando chegou a 4,1% de expans\u00e3o.<\/p>\n\n\n\n<p><strong>Os dados fazem parte Pesquisa Mensal de Com\u00e9rcio, divulgada nesta quinta-feira (11) pelo\u00a0Instituto Brasileiro de Geografia e Estat\u00edstica\u00a0(IBGE)<\/strong>.<\/p>\n\n\n\n<p><strong>Veja o comportamento das vendas no com\u00e9rcio nos \u00faltimos meses<\/strong>:<\/p>\n\n\n\n<ul class=\"wp-block-list\">\n<li>Mar\u00e7o: 0,7%<\/li>\n\n\n\n<li>Abril: -0,3%<\/li>\n\n\n\n<li>Maio: -0,4%<\/li>\n\n\n\n<li>Junho: -0,1%<\/li>\n\n\n\n<li>Julho: -0,2%<\/li>\n\n\n\n<li>Agosto: 0,1%<\/li>\n\n\n\n<li>Setembro: -0,2%<\/li>\n\n\n\n<li>Outubro: 0,5%<\/li>\n<\/ul>\n\n\n\n<p><strong>Com os dados de outubro, o com\u00e9rcio est\u00e1 0,5% abaixo do maior n\u00edvel j\u00e1 registrado, em mar\u00e7o de 2025<\/strong>. A s\u00e9rie hist\u00f3rica do IBGE come\u00e7a em 2000. O setor figura 9,6% acima do patamar pr\u00e9-pandemia de covid-19 (fevereiro de 2020).<\/p>\n\n\n\n<h2 class=\"wp-block-heading\">Sete das oito atividades com alta<\/h2>\n\n\n\n<p><strong>Na passagem de setembro para outubro, sete das oito atividades pesquisadas apresentaram avan\u00e7o<\/strong>:<\/p>\n\n\n\n<ul class=\"wp-block-list\">\n<li>equipamentos e material para escrit\u00f3rio, inform\u00e1tica e comunica\u00e7\u00e3o: 3,2%<\/li>\n\n\n\n<li>combust\u00edveis e lubrificantes: 1,4%<\/li>\n\n\n\n<li>m\u00f3veis e eletrodom\u00e9sticos: 1,0%<\/li>\n\n\n\n<li>livros, jornais, revistas e papelaria: 0,6%<\/li>\n\n\n\n<li>outros artigos de uso pessoal e dom\u00e9stico: 0,4%<\/li>\n\n\n\n<li>artigos farmac\u00eauticos, m\u00e9dicos, ortop\u00e9dicos e de perfumaria: 0,3%<\/li>\n\n\n\n<li>hiper, supermercados, produtos aliment\u00edcios, bebidas e fumo: 0,1%<\/li>\n\n\n\n<li>tecidos, vestu\u00e1rio e cal\u00e7ados: -0,3%<\/li>\n<\/ul>\n\n\n\n<p><strong>De acordo com o gerente da pesquisa, Cristiano Santos, a venda de computadores, celulares e eletrodom\u00e9sticos foram importante motor das vendas no m\u00eas<\/strong>.<\/p>\n\n\n\n<p>&#8220;As empresas aproveitaram a deprecia\u00e7\u00e3o [desvaloriza\u00e7\u00e3o] do d\u00f3lar e performaram melhor, tamb\u00e9m por conta de promo\u00e7\u00f5es&#8221;, cita. A queda do d\u00f3lar ante o real faz com que produtos importados fiquem mais em conta no pa\u00eds.&nbsp;<\/p>\n\n\n\n<h2 class=\"wp-block-heading\">Jun\u00e7\u00e3o de fatores<\/h2>\n\n\n\n<p><strong>O analista acrescenta que houve &#8220;coincid\u00eancias de fatores&#8221; para estimular o consumo. &#8220;Dentre eles, a infla\u00e7\u00e3o cedeu&#8221;, cita Santos, ao lembrar que houve defla\u00e7\u00e3o, com queda de pre\u00e7o na alimenta\u00e7\u00e3o no domic\u00edlio, m\u00f3veis e eletrodom\u00e9sticos.<\/strong><\/p>\n\n\n\n<p>Outros fatores foram o\u00a0mercado de trabalho aquecido\u00a0e o cr\u00e9dito \u00e0 pessoa f\u00edsica, que cresceu 2,1% em outubro.<\/p>\n\n\n\n<p><strong>Santos destaca que o cr\u00e9dito \u00e0 pessoa f\u00edsica n\u00e3o tem sentido tanto o impacto da taxa b\u00e1sica de juros, a Selic, em 15% ao ano, que tende a refletir no encarecimento em toda a cadeia de cr\u00e9dito<\/strong>.<\/p>\n\n\n\n<p>A Selic est\u00e1 mantida neste n\u00edvel como uma\u00a0estrat\u00e9gia\u00a0do Banco Central\u00a0para conter a infla\u00e7\u00e3o, que chegou a ficar 13 meses acima da meta do governo.\u00a0<\/p>\n\n\n\n<p><strong>No com\u00e9rcio varejista ampliado, que inclui atividades de atacado \u2500 ve\u00edculos, motos, partes e pe\u00e7as; material de constru\u00e7\u00e3o; e produtos aliment\u00edcios, bebidas e fumo \u2500 o indicador avan\u00e7ou 1,1% de setembro para outubro e apresenta estabilidade (0%) no acumulado de 12 meses<\/strong>.<\/p>\n\n\n\n<p>De acordo com o gerente da pesquisa, Cristiano Santos, o desempenho do varejo ampliado em outubro \u201cfoi bastante influenciado por ve\u00edculos, motos, partes e pe\u00e7as, e pela atividade de atacado especializado em produtos aliment\u00edcios, bebidas e fumo\u201d.<\/p>\n","protected":false},"excerpt":{"rendered":"<p>As vendas no com\u00e9rcio cresceram 0,5% em outubro, na compara\u00e7\u00e3o com setembro. O resultado \u00e9 a maior alta entre meses seguidos desde mar\u00e7o de 2025, quando tinha crescido 0,7%. Na compara\u00e7\u00e3o com outubro de 2024, o com\u00e9rcio brasileiro avan\u00e7ou 1,1%. No acumulado de 12 meses, o setor cresceu 1,7%, menor patamar desde dezembro de 2024, [&hellip;]<\/p>\n","protected":false},"author":3,"featured_media":5049,"comment_status":"open","ping_status":"open","sticky":false,"template":"","format":"standard","meta":{"footnotes":""},"categories":[131],"tags":[],"class_list":{"0":"post-5048","1":"post","2":"type-post","3":"status-publish","4":"format-standard","5":"has-post-thumbnail","7":"category-economia"},"_links":{"self":[{"href":"https:\/\/revistavalorenegocios.com\/index.php?rest_route=\/wp\/v2\/posts\/5048","targetHints":{"allow":["GET"]}}],"collection":[{"href":"https:\/\/revistavalorenegocios.com\/index.php?rest_route=\/wp\/v2\/posts"}],"about":[{"href":"https:\/\/revistavalorenegocios.com\/index.php?rest_route=\/wp\/v2\/types\/post"}],"author":[{"embeddable":true,"href":"https:\/\/revistavalorenegocios.com\/index.php?rest_route=\/wp\/v2\/users\/3"}],"replies":[{"embeddable":true,"href":"https:\/\/revistavalorenegocios.com\/index.php?rest_route=%2Fwp%2Fv2%2Fcomments&post=5048"}],"version-history":[{"count":1,"href":"https:\/\/revistavalorenegocios.com\/index.php?rest_route=\/wp\/v2\/posts\/5048\/revisions"}],"predecessor-version":[{"id":5050,"href":"https:\/\/revistavalorenegocios.com\/index.php?rest_route=\/wp\/v2\/posts\/5048\/revisions\/5050"}],"wp:featuredmedia":[{"embeddable":true,"href":"https:\/\/revistavalorenegocios.com\/index.php?rest_route=\/wp\/v2\/media\/5049"}],"wp:attachment":[{"href":"https:\/\/revistavalorenegocios.com\/index.php?rest_route=%2Fwp%2Fv2%2Fmedia&parent=5048"}],"wp:term":[{"taxonomy":"category","embeddable":true,"href":"https:\/\/revistavalorenegocios.com\/index.php?rest_route=%2Fwp%2Fv2%2Fcategories&post=5048"},{"taxonomy":"post_tag","embeddable":true,"href":"https:\/\/revistavalorenegocios.com\/index.php?rest_route=%2Fwp%2Fv2%2Ftags&post=5048"}],"curies":[{"name":"wp","href":"https:\/\/api.w.org\/{rel}","templated":true}]}}