{"id":5071,"date":"2025-12-18T22:18:51","date_gmt":"2025-12-18T22:18:51","guid":{"rendered":"https:\/\/revistavalorenegocios.com\/?p=5071"},"modified":"2025-12-18T22:18:52","modified_gmt":"2025-12-18T22:18:52","slug":"caixa-paga-bolsa-familia-a-beneficiarios-com-nis-de-final-7","status":"publish","type":"post","link":"https:\/\/revistavalorenegocios.com\/?p=5071","title":{"rendered":"Caixa paga Bolsa Fam\u00edlia a benefici\u00e1rios com NIS de final 7"},"content":{"rendered":"\n<p>A Caixa Econ\u00f4mica Federal paga nesta quinta-feira (18) a parcela de dezembro do Bolsa Fam\u00edlia aos benefici\u00e1rios com N\u00famero de Inscri\u00e7\u00e3o Social (NIS) de final 7.<img decoding=\"async\" src=\"https:\/\/agenciabrasil.ebc.com.br\/ebc.png?id=1672477&amp;o=node\"><img decoding=\"async\" src=\"https:\/\/agenciabrasil.ebc.com.br\/ebc.gif?id=1672477&amp;o=node\"><\/p>\n\n\n\n<p><strong>O valor m\u00ednimo corresponde a R$ 600, mas,&nbsp;com o novo adicional, o valor m\u00e9dio do benef\u00edcio sobe para R$ 691,37.<\/strong><\/p>\n\n\n\n<p>Segundo o Minist\u00e9rio do Desenvolvimento e Assist\u00eancia Social, neste m\u00eas, o programa de transfer\u00eancia de renda do Governo Federal alcan\u00e7ar\u00e1 18,7 milh\u00f5es de fam\u00edlias, com investimento de R$ 12,74 bilh\u00f5es.<\/p>\n\n\n\n<p>Al\u00e9m do benef\u00edcio m\u00ednimo, h\u00e1 o pagamento de tr\u00eas adicionais:&nbsp;o&nbsp;Benef\u00edcio Vari\u00e1vel Familiar Nutriz paga seis parcelas de R$ 50 a m\u00e3es de beb\u00eas de at\u00e9 seis meses de idade, para garantir a alimenta\u00e7\u00e3o da crian\u00e7a; h\u00e1 tamb\u00e9m acr\u00e9scimo de R$ 50 a gestantes e nutrizes (m\u00e3es que amamentam), um de R$ 50 a cada filho de 7 a 18 anos e outro, de R$ 150, a cada crian\u00e7a de at\u00e9 6 anos.<\/p>\n\n\n\n<p>No modelo tradicional do Bolsa Fam\u00edlia, o pagamento ocorre nos \u00faltimos dez dias \u00fateis de cada m\u00eas. No entanto,&nbsp;<strong>por causa das festas de fim de ano, o calend\u00e1rio de dezembro \u00e9 antecipado em cerca de dez dias<\/strong>, para dar tempo de os benef\u00edcios serem depositados antes do Natal.<\/p>\n\n\n\n<p>O benefici\u00e1rio poder\u00e1 consultar informa\u00e7\u00f5es sobre as datas de pagamento, o valor do benef\u00edcio e a composi\u00e7\u00e3o das parcelas no aplicativo Caixa Tem, usado para acompanhar as contas poupan\u00e7a digitais do banco.<\/p>\n\n\n\n<h2 class=\"wp-block-heading\">Pagamento unificado<\/h2>\n\n\n\n<p>Os benefici\u00e1rios de 179 cidades receberam o pagamento no \u00faltimo dia 10, independentemente do NIS. A medida beneficiou os moradores de 120 munic\u00edpios do Rio Grande do Norte e 32 do Paran\u00e1. Tamb\u00e9m foram beneficiadas cidades em cinco estados: Sergipe (9), S\u00e3o Paulo (7), Roraima (6), Amazonas (3) e Piau\u00ed (2).\u00a0Entre as cidades paranaenses com pagamento unificado, est\u00e1 Rio Bonito do Igua\u00e7u, que teve 90% das constru\u00e7\u00f5es destru\u00eddas por um tornado.<\/p>\n\n\n\n<p>Essas localidades foram afetadas por chuvas ou por estiagens ou t\u00eam povos ind\u00edgenas em situa\u00e7\u00e3o de vulnerabilidade.&nbsp;<a href=\"https:\/\/www.gov.br\/mds\/pt-br\/noticias-e-conteudos\/desenvolvimento-social\/noticias-desenvolvimento-social\/bolsa-familia-pagamento-unificado-ira-beneficiar-mais-de-um-milhao-de-familias-em-novembro\">A lista dos munic\u00edpios com pagamento antecipado est\u00e1 dispon\u00edvel na p\u00e1gina do Minist\u00e9rio do Desenvolvimento e Assist\u00eancia Social<\/a>.<\/p>\n\n\n\n<p>Desde o ano passado, os benefici\u00e1rios do Bolsa Fam\u00edlia n\u00e3o t\u00eam mais o desconto do Seguro Defeso. A mudan\u00e7a foi estabelecida pela&nbsp;<a href=\"https:\/\/www.planalto.gov.br\/ccivil_03\/_ato2023-2026\/2023\/lei\/l14601.htm\">Lei 14.601\/2023<\/a>, que resgatou o Programa Bolsa Fam\u00edlia (PBF). O Seguro Defeso \u00e9 pago a pessoas que sobrevivem exclusivamente da pesca artesanal e que n\u00e3o podem exercer a atividade durante o per\u00edodo da piracema (reprodu\u00e7\u00e3o dos peixes).<\/p>\n\n\n\n<h2 class=\"wp-block-heading\">Regra de prote\u00e7\u00e3o<\/h2>\n\n\n\n<p>Cerca de 2,33 milh\u00f5es de fam\u00edlias est\u00e3o na regra de prote\u00e7\u00e3o em dezembro. Essa regra permite que fam\u00edlias cujos membros consigam emprego e melhorem a renda recebam 50% do benef\u00edcio a que teriam direito por at\u00e9 dois anos, desde que cada integrante receba o equivalente a at\u00e9 meio sal\u00e1rio m\u00ednimo.<\/p>\n\n\n\n<p>Somente neste m\u00eas, 169,9 mil domic\u00edlios sa\u00edram do Bolsa Fam\u00edlia e entraram na regra de prote\u00e7\u00e3o, informou o Minist\u00e9rio do Desenvolvimento e Assist\u00eancia Social, Fam\u00edlia e Combate \u00e0 Fome.<\/p>\n\n\n\n<p>Em junho, o tempo de perman\u00eancia na regra de prote\u00e7\u00e3o foi reduzido de dois para um ano. No entanto, a mudan\u00e7a s\u00f3 abrange as fam\u00edlias que entraram na fase de transi\u00e7\u00e3o desde junho. Quem se enquadrou na regra at\u00e9 maio deste ano continuar\u00e1 a receber metade do benef\u00edcio por dois anos.<\/p>\n\n\n\n<p>Fonte: Ag\u00eancia Brasil<\/p>\n\n\n\n<p><\/p>\n","protected":false},"excerpt":{"rendered":"<p>A Caixa Econ\u00f4mica Federal paga nesta quinta-feira (18) a parcela de dezembro do Bolsa Fam\u00edlia aos benefici\u00e1rios com N\u00famero de Inscri\u00e7\u00e3o Social (NIS) de final 7. O valor m\u00ednimo corresponde a R$ 600, mas,&nbsp;com o novo adicional, o valor m\u00e9dio do benef\u00edcio sobe para R$ 691,37. Segundo o Minist\u00e9rio do Desenvolvimento e Assist\u00eancia Social, neste [&hellip;]<\/p>\n","protected":false},"author":3,"featured_media":5072,"comment_status":"open","ping_status":"open","sticky":false,"template":"","format":"standard","meta":{"footnotes":""},"categories":[131],"tags":[],"class_list":{"0":"post-5071","1":"post","2":"type-post","3":"status-publish","4":"format-standard","5":"has-post-thumbnail","7":"category-economia"},"_links":{"self":[{"href":"https:\/\/revistavalorenegocios.com\/index.php?rest_route=\/wp\/v2\/posts\/5071","targetHints":{"allow":["GET"]}}],"collection":[{"href":"https:\/\/revistavalorenegocios.com\/index.php?rest_route=\/wp\/v2\/posts"}],"about":[{"href":"https:\/\/revistavalorenegocios.com\/index.php?rest_route=\/wp\/v2\/types\/post"}],"author":[{"embeddable":true,"href":"https:\/\/revistavalorenegocios.com\/index.php?rest_route=\/wp\/v2\/users\/3"}],"replies":[{"embeddable":true,"href":"https:\/\/revistavalorenegocios.com\/index.php?rest_route=%2Fwp%2Fv2%2Fcomments&post=5071"}],"version-history":[{"count":1,"href":"https:\/\/revistavalorenegocios.com\/index.php?rest_route=\/wp\/v2\/posts\/5071\/revisions"}],"predecessor-version":[{"id":5073,"href":"https:\/\/revistavalorenegocios.com\/index.php?rest_route=\/wp\/v2\/posts\/5071\/revisions\/5073"}],"wp:featuredmedia":[{"embeddable":true,"href":"https:\/\/revistavalorenegocios.com\/index.php?rest_route=\/wp\/v2\/media\/5072"}],"wp:attachment":[{"href":"https:\/\/revistavalorenegocios.com\/index.php?rest_route=%2Fwp%2Fv2%2Fmedia&parent=5071"}],"wp:term":[{"taxonomy":"category","embeddable":true,"href":"https:\/\/revistavalorenegocios.com\/index.php?rest_route=%2Fwp%2Fv2%2Fcategories&post=5071"},{"taxonomy":"post_tag","embeddable":true,"href":"https:\/\/revistavalorenegocios.com\/index.php?rest_route=%2Fwp%2Fv2%2Ftags&post=5071"}],"curies":[{"name":"wp","href":"https:\/\/api.w.org\/{rel}","templated":true}]}}