{"id":5077,"date":"2025-12-25T23:37:06","date_gmt":"2025-12-25T23:37:06","guid":{"rendered":"https:\/\/revistavalorenegocios.com\/?p=5077"},"modified":"2025-12-25T23:37:08","modified_gmt":"2025-12-25T23:37:08","slug":"reveillon-do-rio-pode-injetar-r-334-bilhoes-na-economia-da-cidade","status":"publish","type":"post","link":"https:\/\/revistavalorenegocios.com\/?p=5077","title":{"rendered":"R\u00e9veillon do Rio pode injetar R$ 3,34 bilh\u00f5es na economia da cidade"},"content":{"rendered":"\n<p>O R\u00e9veillon na cidade do Rio de Janeiro pode movimentar 3,34 bilh\u00f5es, 6% acima do valor da virada de 2024 para 2025. O estudo&nbsp;<em>R\u00e9veillon em Dados<\/em>&nbsp;foi elaborado pela prefeitura, por meio da Empresa de Turismo do Munic\u00edpio do Rio (Riotur), a Secretaria Municipal de Desenvolvimento Econ\u00f4mico e o&nbsp;Instituto Funda\u00e7\u00e3o Jo\u00e3o Goulart.<img decoding=\"async\" src=\"https:\/\/agenciabrasil.ebc.com.br\/ebc.png?id=1673353&amp;o=node\"><img decoding=\"async\" src=\"https:\/\/agenciabrasil.ebc.com.br\/ebc.gif?id=1673353&amp;o=node\"><\/p>\n\n\n\n<p><strong>A estimativa \u00e9 que mais de 5&nbsp;milh\u00f5es de pessoas participem dos eventos espalhados pelo munic\u00edpio. Somente&nbsp;Copacabana&nbsp;deve ter metade desse p\u00fablico, entre cariocas e turistas.<\/strong><\/p>\n\n\n\n<p>Segundo o secret\u00e1rio municipal de Desenvolvimento Econ\u00f4mico, Osmar Lima, o R\u00e9veillon \u00e9 uma festa consolidada na cidade, que impulsiona a economia carioca, atraindo turistas de todos os lugares.<\/p>\n\n\n\n<p>\u201c\u00c9 um evento fundamental para o Rio, pois j\u00e1 entramos no novo ano com acentuada movimenta\u00e7\u00e3o econ\u00f4mica, inferior apenas ao Carnaval\u201d, diz Lima.<\/p>\n\n\n\n<p><strong>A movimenta\u00e7\u00e3o econ\u00f4mica \u00e9 baseada nos dados das notas fiscais di\u00e1rias de subgrupos de servi\u00e7os diretamente impactados pelo R\u00e9veillon, de acordo com&nbsp;a Secretaria Municipal de Fazenda.<\/strong><\/p>\n\n\n\n<p>\u201cO R\u00e9veillon do Rio \u00e9 muito mais do que a maior virada do mundo. A an\u00e1lise evidencia sua relev\u00e2ncia como indutor da atividade econ\u00f4mica, com efeitos diretos sobre setores como hospedagem, alimenta\u00e7\u00e3o, transporte e servi\u00e7os\u201d, afirma o presidente da Riotur, Bernardo Fellows.<\/p>\n\n\n\n<h2 class=\"wp-block-heading\">Copacabana<\/h2>\n\n\n\n<p><strong>O R\u00e9veillon na\u00a0Praia de Copacabana\u00a0ter\u00e1\u00a0<em>shows<\/em>\u00a0de Gilberto Gil e Ney Matogrosso como atra\u00e7\u00f5es principais do\u00a0Palco Rio, o principal,\u00a0em frente ao Hotel Copacabana Palace. Tamb\u00e9m v\u00e3o se apresentar Alcione, Jo\u00e3o Gomes e Iza, DJ Alok, Belo e a escola de samba Beija-Flor.<\/strong><\/p>\n\n\n\n<p>O&nbsp;Palco Samba, na altura da Rua Rep\u00fablica do Peru, ter\u00e1 apresenta\u00e7\u00f5es de Roberta S\u00e1, Mart\u2019n\u00e1lia, Diogo Nogueira, o Bloco da Preta com o novo vocalista, o Feyj\u00e3o e a escola de samba Grande Rio.&nbsp;<\/p>\n\n\n\n<p>No Palco Leme, de m\u00fasica gospel, as atra\u00e7\u00f5es ser\u00e3o Midian Lima, Samuel Messias, Thalles Roberto e o grupo de pagode gospel Marcados.&nbsp;<\/p>\n","protected":false},"excerpt":{"rendered":"<p>O R\u00e9veillon na cidade do Rio de Janeiro pode movimentar 3,34 bilh\u00f5es, 6% acima do valor da virada de 2024 para 2025. O estudo&nbsp;R\u00e9veillon em Dados&nbsp;foi elaborado pela prefeitura, por meio da Empresa de Turismo do Munic\u00edpio do Rio (Riotur), a Secretaria Municipal de Desenvolvimento Econ\u00f4mico e o&nbsp;Instituto Funda\u00e7\u00e3o Jo\u00e3o Goulart. A estimativa \u00e9 que [&hellip;]<\/p>\n","protected":false},"author":3,"featured_media":5078,"comment_status":"open","ping_status":"open","sticky":false,"template":"","format":"standard","meta":{"footnotes":""},"categories":[131],"tags":[],"class_list":{"0":"post-5077","1":"post","2":"type-post","3":"status-publish","4":"format-standard","5":"has-post-thumbnail","7":"category-economia"},"_links":{"self":[{"href":"https:\/\/revistavalorenegocios.com\/index.php?rest_route=\/wp\/v2\/posts\/5077","targetHints":{"allow":["GET"]}}],"collection":[{"href":"https:\/\/revistavalorenegocios.com\/index.php?rest_route=\/wp\/v2\/posts"}],"about":[{"href":"https:\/\/revistavalorenegocios.com\/index.php?rest_route=\/wp\/v2\/types\/post"}],"author":[{"embeddable":true,"href":"https:\/\/revistavalorenegocios.com\/index.php?rest_route=\/wp\/v2\/users\/3"}],"replies":[{"embeddable":true,"href":"https:\/\/revistavalorenegocios.com\/index.php?rest_route=%2Fwp%2Fv2%2Fcomments&post=5077"}],"version-history":[{"count":1,"href":"https:\/\/revistavalorenegocios.com\/index.php?rest_route=\/wp\/v2\/posts\/5077\/revisions"}],"predecessor-version":[{"id":5079,"href":"https:\/\/revistavalorenegocios.com\/index.php?rest_route=\/wp\/v2\/posts\/5077\/revisions\/5079"}],"wp:featuredmedia":[{"embeddable":true,"href":"https:\/\/revistavalorenegocios.com\/index.php?rest_route=\/wp\/v2\/media\/5078"}],"wp:attachment":[{"href":"https:\/\/revistavalorenegocios.com\/index.php?rest_route=%2Fwp%2Fv2%2Fmedia&parent=5077"}],"wp:term":[{"taxonomy":"category","embeddable":true,"href":"https:\/\/revistavalorenegocios.com\/index.php?rest_route=%2Fwp%2Fv2%2Fcategories&post=5077"},{"taxonomy":"post_tag","embeddable":true,"href":"https:\/\/revistavalorenegocios.com\/index.php?rest_route=%2Fwp%2Fv2%2Ftags&post=5077"}],"curies":[{"name":"wp","href":"https:\/\/api.w.org\/{rel}","templated":true}]}}