{"id":5094,"date":"2026-01-06T20:31:00","date_gmt":"2026-01-06T20:31:00","guid":{"rendered":"https:\/\/revistavalorenegocios.com\/?p=5094"},"modified":"2026-01-07T02:32:03","modified_gmt":"2026-01-07T02:32:03","slug":"dolar-cai-para-r-537-com-reducao-de-preocupacoes-com-venezuela","status":"publish","type":"post","link":"https:\/\/revistavalorenegocios.com\/?p=5094","title":{"rendered":"D\u00f3lar cai para R$ 5,37 com redu\u00e7\u00e3o de preocupa\u00e7\u00f5es com Venezuela"},"content":{"rendered":"<p>A redu\u00e7\u00e3o das preocupa\u00e7\u00f5es em torno da Venezuela e o maior apetite por economias emergentes impulsionaram o mercado financeiro. O d\u00f3lar fechou abaixo de R$ 5,40 pela primeira vez desde o in\u00edcio de dezembro.<\/p>\n<p>A bolsa subiu e atingiu o n\u00edvel mais alto em mais de um m\u00eas.<\/p>\n<p>O d\u00f3lar comercial encerrou esta ter\u00e7a-feira (6) vendido a R$ 5,379, com recuo de R$ 0,026 (-0,48%). A cota\u00e7\u00e3o chegou a subir nos primeiros minutos de negocia\u00e7\u00e3o, mas caiu ap\u00f3s a abertura dos mercados nos Estados Unidos.<\/p>\n<p>Na m\u00ednima do dia, por volta das 12h, chegou a R$ 5,36.<\/p>\n<p>Essa foi a quarta queda consecutiva da moeda estadunidense. No menor valor desde 4 de dezembro, a divisa cai 3,5% apenas nas quatro \u00faltimas sess\u00f5es.<\/p>\n<p>No mercado de a\u00e7\u00f5es, o dia foi marcado pela euforia. O \u00edndice Ibovespa, da B3, fechou aos 163.664 pontos, com alta de 1,11%. O indicador est\u00e1 no maior n\u00edvel desde 4 de dezembro, dia em que atingiu recorde hist\u00f3rico.<\/p>\n<p>Em rela\u00e7\u00e3o \u00e0 Venezuela, as moedas de pa\u00edses emergentes foram beneficiadas pela diminui\u00e7\u00e3o das tens\u00f5es, ap\u00f3s a presidenta em exerc\u00edcio, Delcy Rodr\u00edguez, enviar uma carta a Donald Trump em que informa estar disposta a uma \u201cagenda de colabora\u00e7\u00e3o\u201d.<\/p>\n<p>Al\u00e9m disso, o real beneficiou-se do realinhamento de posi\u00e7\u00f5es t\u00edpico do in\u00edcio de cada ano.<\/p>\n<p>Em dezembro, a moeda brasileira foi pressionada por ru\u00eddos pol\u00edticos provocados pela pr\u00e9-candidatura do senador Fl\u00e1vio Bolsonaro (PL-RJ) \u00e0s elei\u00e7\u00f5es de 2026, e pelo envio de remessas de empresas ao exterior, aproveitando-se dos dias finais de isen\u00e7\u00e3o de Imposto de Renda sobre dividendos acima de R$ 50 mil por m\u00eas.<\/p>\n<p>* com informa\u00e7\u00f5es da Reuters<\/p>\n","protected":false},"excerpt":{"rendered":"<p>A redu\u00e7\u00e3o das preocupa\u00e7\u00f5es em torno da Venezuela e o maior apetite por economias emergentes impulsionaram o mercado financeiro. O d\u00f3lar fechou abaixo de R$ 5,40 pela primeira vez desde o in\u00edcio de dezembro. A bolsa subiu e atingiu o n\u00edvel mais alto em mais de um m\u00eas. O d\u00f3lar comercial encerrou esta ter\u00e7a-feira (6) [&hellip;]<\/p>\n","protected":false},"author":3,"featured_media":5095,"comment_status":"open","ping_status":"open","sticky":false,"template":"","format":"standard","meta":{"footnotes":""},"categories":[135],"tags":[],"class_list":{"0":"post-5094","1":"post","2":"type-post","3":"status-publish","4":"format-standard","5":"has-post-thumbnail","7":"category-cambio"},"_links":{"self":[{"href":"https:\/\/revistavalorenegocios.com\/index.php?rest_route=\/wp\/v2\/posts\/5094","targetHints":{"allow":["GET"]}}],"collection":[{"href":"https:\/\/revistavalorenegocios.com\/index.php?rest_route=\/wp\/v2\/posts"}],"about":[{"href":"https:\/\/revistavalorenegocios.com\/index.php?rest_route=\/wp\/v2\/types\/post"}],"author":[{"embeddable":true,"href":"https:\/\/revistavalorenegocios.com\/index.php?rest_route=\/wp\/v2\/users\/3"}],"replies":[{"embeddable":true,"href":"https:\/\/revistavalorenegocios.com\/index.php?rest_route=%2Fwp%2Fv2%2Fcomments&post=5094"}],"version-history":[{"count":1,"href":"https:\/\/revistavalorenegocios.com\/index.php?rest_route=\/wp\/v2\/posts\/5094\/revisions"}],"predecessor-version":[{"id":5096,"href":"https:\/\/revistavalorenegocios.com\/index.php?rest_route=\/wp\/v2\/posts\/5094\/revisions\/5096"}],"wp:featuredmedia":[{"embeddable":true,"href":"https:\/\/revistavalorenegocios.com\/index.php?rest_route=\/wp\/v2\/media\/5095"}],"wp:attachment":[{"href":"https:\/\/revistavalorenegocios.com\/index.php?rest_route=%2Fwp%2Fv2%2Fmedia&parent=5094"}],"wp:term":[{"taxonomy":"category","embeddable":true,"href":"https:\/\/revistavalorenegocios.com\/index.php?rest_route=%2Fwp%2Fv2%2Fcategories&post=5094"},{"taxonomy":"post_tag","embeddable":true,"href":"https:\/\/revistavalorenegocios.com\/index.php?rest_route=%2Fwp%2Fv2%2Ftags&post=5094"}],"curies":[{"name":"wp","href":"https:\/\/api.w.org\/{rel}","templated":true}]}}