{"id":5112,"date":"2026-01-21T13:03:00","date_gmt":"2026-01-21T16:03:00","guid":{"rendered":"https:\/\/revistavalorenegocios.com\/?p=5112"},"modified":"2026-01-22T10:05:23","modified_gmt":"2026-01-22T13:05:23","slug":"populacao-podera-influenciar-na-elaboracao-do-orcamento-da-uniao","status":"publish","type":"post","link":"https:\/\/revistavalorenegocios.com\/?p=5112","title":{"rendered":"Popula\u00e7\u00e3o poder\u00e1 influenciar na elabora\u00e7\u00e3o do Or\u00e7amento da Uni\u00e3o"},"content":{"rendered":"\n<p><strong>O ministro da Secretaria-Geral da Presid\u00eancia, Guilherme Boulos, contou, nesta quarta-feira (25), que o governo est\u00e1 desenvolvendo um projeto para que a popula\u00e7\u00e3o influencie diretamente a elabora\u00e7\u00e3o do Or\u00e7amento da Uni\u00e3o.<\/strong>&nbsp;A iniciativa, chamada Or\u00e7amento do Povo, visa estimular a participa\u00e7\u00e3o cidad\u00e3 na defini\u00e7\u00e3o do dinheiro p\u00fablico.<img decoding=\"async\" src=\"https:\/\/agenciabrasil.ebc.com.br\/ebc.png?id=1675595&amp;o=node\"><img decoding=\"async\" src=\"https:\/\/agenciabrasil.ebc.com.br\/ebc.gif?id=1675595&amp;o=node\"><\/p>\n\n\n\n<p>Segundo Boulos, o projeto deve ser lan\u00e7ado no pr\u00f3ximo m\u00eas e, neste primeiro ano, ser\u00e1 apenas did\u00e1tico, j\u00e1 que o\u00a0Or\u00e7amento de 2026 j\u00e1 foi aprovado e sancionado.<strong>\u00a0\u201cA ideia \u00e9, justamente, criar essa cultura do povo apontar o dedo e decidir o que precisa no seu munic\u00edpio, qual a prioridade\u201d, disse em entrevista ao\u00a0<em>programa Bom dia, Ministro<\/em>, do Canal Gov.<\/strong><\/p>\n\n\n\n<p>\u201cO Brasil todo est\u00e1 acompanhando o esc\u00e2ndalo do or\u00e7amento secreto. O que \u00e9 o or\u00e7amento secreto? \u00c9 pegar uma fatia gigante, esse ano ficou R$ 61 bilh\u00f5es em emenda parlamentar e a\u00ed, muitas vezes, n\u00e3o tem transpar\u00eancia. Esse dinheiro vai pelo ralo, n\u00e3o se sabe para onde est\u00e1 indo. O que n\u00f3s vamos fazer? Mostrar que \u00e9 poss\u00edvel o povo se apropriar do or\u00e7amento do governo brasileiro\u201d, explicou.<\/p>\n\n\n\n<p><strong>Emenda parlamentar \u00e9 uma forma de destina\u00e7\u00e3o de recursos do or\u00e7amento p\u00fablico, indicada por deputados e senadores para finalidades espec\u00edficas, geralmente para obras, servi\u00e7os ou projetos em suas regi\u00f5es.<\/strong><\/p>\n\n\n\n<p><strong>Com o Or\u00e7amento do Povo, segundo o ministro Guilherme Boulos, cada cidad\u00e3o poder\u00e1 votar, uma vez, em alguma proposta para ser implementada em sua cidade. No primeiro ano, o objetivo \u00e9 chegar a cerca de 400 munic\u00edpios, incluindo todas as capitais.<\/strong><\/p>\n\n\n\n<p><strong>O projeto ter\u00e1 um or\u00e7amento definido para cada localidade e os recursos sair\u00e3o dos minist\u00e9rios que aderirem \u00e0 iniciativa. Sete pastas j\u00e1 est\u00e3o no Or\u00e7amento do Povo.<\/strong><\/p>\n\n\n\n<p>\u201cPor exemplo, a Sa\u00fade j\u00e1 ia gastar com ambul\u00e2ncia do Samu. Ent\u00e3o, uma parte desse gasto vamos deixar o povo definir quais s\u00e3o as cidades priorit\u00e1rias. Ent\u00e3o, voc\u00ea vai ter, por exemplo, R$ 1 milh\u00e3o para ambul\u00e2ncia ou vai poder escolher pra\u00e7as com Wi-Fi, que \u00e9 um projeto do Minist\u00e9rio da Comunica\u00e7\u00e3o; ou escolher salas de aula com ar-condicionado, que \u00e9 um projeto de climatiza\u00e7\u00e3o das escolas do Minist\u00e9rio da Educa\u00e7\u00e3o; ou tantos MovCEU, que \u00e9 um projeto do Minist\u00e9rio da Cultura de levar a cultura itinerante para as comunidades\u201d, explicou.<\/p>\n\n\n\n<p><strong>A proposta mais votada \u00e9 aquela que ser\u00e1 entregue pelo governo, afirmou o ministro. \u201cQuando voc\u00ea cria essa cultura \u2013 de botar o dedo e dizer para onde vai o dinheiro &#8211; ningu\u00e9m segura mais o povo. E \u00e9 isso que a gente quer\u201d, acrescentou Boulos.<\/strong><\/p>\n\n\n\n<p>Fonte: Ag\u00eancia Brasil<\/p>\n","protected":false},"excerpt":{"rendered":"<p>O ministro da Secretaria-Geral da Presid\u00eancia, Guilherme Boulos, contou, nesta quarta-feira (25), que o governo est\u00e1 desenvolvendo um projeto para que a popula\u00e7\u00e3o influencie diretamente a elabora\u00e7\u00e3o do Or\u00e7amento da Uni\u00e3o.&nbsp;A iniciativa, chamada Or\u00e7amento do Povo, visa estimular a participa\u00e7\u00e3o cidad\u00e3 na defini\u00e7\u00e3o do dinheiro p\u00fablico. Segundo Boulos, o projeto deve ser lan\u00e7ado no pr\u00f3ximo [&hellip;]<\/p>\n","protected":false},"author":3,"featured_media":5113,"comment_status":"open","ping_status":"open","sticky":false,"template":"","format":"standard","meta":{"footnotes":""},"categories":[131],"tags":[],"class_list":{"0":"post-5112","1":"post","2":"type-post","3":"status-publish","4":"format-standard","5":"has-post-thumbnail","7":"category-economia"},"_links":{"self":[{"href":"https:\/\/revistavalorenegocios.com\/index.php?rest_route=\/wp\/v2\/posts\/5112","targetHints":{"allow":["GET"]}}],"collection":[{"href":"https:\/\/revistavalorenegocios.com\/index.php?rest_route=\/wp\/v2\/posts"}],"about":[{"href":"https:\/\/revistavalorenegocios.com\/index.php?rest_route=\/wp\/v2\/types\/post"}],"author":[{"embeddable":true,"href":"https:\/\/revistavalorenegocios.com\/index.php?rest_route=\/wp\/v2\/users\/3"}],"replies":[{"embeddable":true,"href":"https:\/\/revistavalorenegocios.com\/index.php?rest_route=%2Fwp%2Fv2%2Fcomments&post=5112"}],"version-history":[{"count":1,"href":"https:\/\/revistavalorenegocios.com\/index.php?rest_route=\/wp\/v2\/posts\/5112\/revisions"}],"predecessor-version":[{"id":5114,"href":"https:\/\/revistavalorenegocios.com\/index.php?rest_route=\/wp\/v2\/posts\/5112\/revisions\/5114"}],"wp:featuredmedia":[{"embeddable":true,"href":"https:\/\/revistavalorenegocios.com\/index.php?rest_route=\/wp\/v2\/media\/5113"}],"wp:attachment":[{"href":"https:\/\/revistavalorenegocios.com\/index.php?rest_route=%2Fwp%2Fv2%2Fmedia&parent=5112"}],"wp:term":[{"taxonomy":"category","embeddable":true,"href":"https:\/\/revistavalorenegocios.com\/index.php?rest_route=%2Fwp%2Fv2%2Fcategories&post=5112"},{"taxonomy":"post_tag","embeddable":true,"href":"https:\/\/revistavalorenegocios.com\/index.php?rest_route=%2Fwp%2Fv2%2Ftags&post=5112"}],"curies":[{"name":"wp","href":"https:\/\/api.w.org\/{rel}","templated":true}]}}