{"id":5128,"date":"2026-01-25T15:16:00","date_gmt":"2026-01-25T18:16:00","guid":{"rendered":"https:\/\/revistavalorenegocios.com\/?p=5128"},"modified":"2026-01-26T11:26:04","modified_gmt":"2026-01-26T14:26:04","slug":"gas-do-povo-chega-a-todas-as-capitais-a-partir-desta-segunda","status":"publish","type":"post","link":"https:\/\/revistavalorenegocios.com\/?p=5128","title":{"rendered":"G\u00e1s do Povo chega a todas as capitais a partir desta segunda"},"content":{"rendered":"\n<p><strong>O Programa G\u00e1s do Povo passa a atender todas as capitais brasileiras a partir desta segunda-feira (26). Nesta segunda fase, 950 mil novas fam\u00edlias de 17 capitais passam a receber o vale para recarga gratuita do botij\u00e3o de g\u00e1s de cozinha (GLP) de 13 quilos (kg), que pode ser utilizado em mais de 10 mil revendedoras credenciadas em todo o pa\u00eds.<\/strong><img decoding=\"async\" src=\"https:\/\/agenciabrasil.ebc.com.br\/ebc.png?id=1675868&amp;o=node\"><img decoding=\"async\" src=\"https:\/\/agenciabrasil.ebc.com.br\/ebc.gif?id=1675868&amp;o=node\"><\/p>\n\n\n\n<p>Segundo o Minist\u00e9rio do Desenvolvimento, Assist\u00eancia Social , Fam\u00edlia e Combate \u00e0 Fome (MDS), o G\u00e1s do Povo deve estar em pleno funcionamento em mar\u00e7o, quando 15 milh\u00f5es de fam\u00edlias ser\u00e3o beneficiadas.&nbsp;<strong>O programa pretende combater a pobreza energ\u00e9tica, definida como a dificuldade de uma fam\u00edlia em ter acesso a servi\u00e7os de energia essenciais e modernos, como ilumina\u00e7\u00e3o, aquecimento, refrigera\u00e7\u00e3o e energia para cozinhar.<\/strong><br><br>De acordo com o governo, o programa traz vantagens n\u00e3o apenas para as fam\u00edlias de baixa renda, mas para a sa\u00fade p\u00fablica. O MDS ressalta que o acesso ao botij\u00e3o reduz o uso de alternativas perigosas (como lenha, carv\u00e3o e querosene) para o cozimento, diminui riscos de doen\u00e7as respirat\u00f3rias e queimaduras e garante acesso a fontes de energia limpas e seguras.<\/p>\n\n\n\n<p>O&nbsp;ministro do Desenvolvimento e Assist\u00eancia Social, Wellington Dias, ressalta que o programa ajuda diretamente no or\u00e7amento das fam\u00edlias. \u201cO benef\u00edcio alivia o or\u00e7amento familiar dos mais pobres, que podem destinar o dinheiro que gastariam no botij\u00e3o para comprar alimentos ou suprir outra necessidade b\u00e1sica\u201d, afirma.&nbsp;<strong>O Aux\u00edlio G\u00e1s, benef\u00edcio atual que permite a compra de um botij\u00e3o de 13 kg a cada dois meses por cerca de 4,4 milh\u00f5es de fam\u00edlias de baixa renda, ser\u00e1 substitu\u00eddo.<\/strong><\/p>\n\n\n\n<h2 class=\"wp-block-heading\">O que muda nesta etapa<\/h2>\n\n\n\n<p>\u2022&nbsp; &nbsp; Inclus\u00e3o de 950 mil novas fam\u00edlias no programa<\/p>\n\n\n\n<p>\u2022&nbsp; &nbsp; Expans\u00e3o para 17 capitais que ainda n\u00e3o participavam<\/p>\n\n\n\n<p>\u2022&nbsp; &nbsp; Cobertura passa a alcan\u00e7ar todas as capitais do pa\u00eds<\/p>\n\n\n\n<p>\u2022&nbsp; &nbsp; Vale pode ser usado em mais de 10 mil revendas credenciadas<\/p>\n\n\n\n<h2 class=\"wp-block-heading\">Capitais inclu\u00eddas a partir de 26\/01<\/h2>\n\n\n\n<p>\u2022&nbsp; &nbsp;&nbsp;Aracaju (SE)<\/p>\n\n\n\n<p>\u2022&nbsp; &nbsp;&nbsp;Boa Vista (RR)<\/p>\n\n\n\n<p>\u2022&nbsp; &nbsp; Bras\u00edlia (DF)<\/p>\n\n\n\n<p>\u2022&nbsp; &nbsp;&nbsp;Campo Grande (MS)<\/p>\n\n\n\n<p>\u2022&nbsp; &nbsp;&nbsp;Cuiab\u00e1 (MT)<\/p>\n\n\n\n<p>\u2022&nbsp; &nbsp;&nbsp;Curitiba (PR)<\/p>\n\n\n\n<p>\u2022&nbsp; &nbsp;&nbsp;Florian\u00f3polis (SC)<\/p>\n\n\n\n<p>\u2022&nbsp; &nbsp;&nbsp;Jo\u00e3o Pessoa (PB)<\/p>\n\n\n\n<p>\u2022&nbsp; &nbsp;&nbsp;Macap\u00e1 (AP)<\/p>\n\n\n\n<p>\u2022&nbsp; &nbsp;&nbsp;Macei\u00f3 (AL)<\/p>\n\n\n\n<p>\u2022&nbsp; &nbsp;&nbsp;Manaus (AM)<\/p>\n\n\n\n<p>\u2022&nbsp; &nbsp;&nbsp;Palmas (TO)<\/p>\n\n\n\n<p>\u2022&nbsp; &nbsp;&nbsp;Porto Velho (RO)<\/p>\n\n\n\n<p>\u2022&nbsp; &nbsp;&nbsp;Rio Branco (AC)<\/p>\n\n\n\n<p>\u2022&nbsp; &nbsp;&nbsp;Rio de Janeiro (RJ)<\/p>\n\n\n\n<p>\u2022&nbsp; &nbsp;&nbsp;S\u00e3o Lu\u00eds (MA)<\/p>\n\n\n\n<p>\u2022&nbsp; &nbsp;&nbsp;Vit\u00f3ria (ES)<\/p>\n\n\n\n<h2 class=\"wp-block-heading\">Quem tem direito ao G\u00e1s do Povo<\/h2>\n\n\n\n<p>Para receber o benef\u00edcio, a fam\u00edlia precisa:<\/p>\n\n\n\n<p>\u2022&nbsp; &nbsp; Ser benefici\u00e1ria do Bolsa Fam\u00edlia;<\/p>\n\n\n\n<p>\u2022&nbsp; &nbsp;&nbsp;Ter ao menos duas pessoas no n\u00facleo familiar;<\/p>\n\n\n\n<p>\u2022&nbsp; &nbsp; Ter renda per capita de at\u00e9 meio sal\u00e1rio-m\u00ednimo;<\/p>\n\n\n\n<p>\u2022&nbsp; &nbsp;&nbsp;Estar com o Cadastro \u00danico atualizado nos \u00faltimos 24 meses;<\/p>\n\n\n\n<p>\u2022&nbsp; &nbsp;&nbsp;Ter o Cadastro de Pessoas F\u00edsicas (CPF) do Respons\u00e1vel Familiar regular, sem pend\u00eancias.<\/p>\n\n\n\n<h2 class=\"wp-block-heading\">Como usar o vale do g\u00e1s<\/h2>\n\n\n\n<p>O benef\u00edcio pode ser acessado de diferentes formas:<\/p>\n\n\n\n<p>\u2022&nbsp; &nbsp; Aplicativo Meu Social \u2013 G\u00e1s do Povo;<\/p>\n\n\n\n<p>\u2022&nbsp; &nbsp;&nbsp;Cart\u00e3o do Bolsa Fam\u00edlia (com chip);<\/p>\n\n\n\n<p>\u2022&nbsp; &nbsp;&nbsp;Cart\u00e3o de d\u00e9bito da Caixa;<\/p>\n\n\n\n<p>\u2022&nbsp; &nbsp;&nbsp;Informar o CPF do Respons\u00e1vel Familiar na maquininha da revenda e receber c\u00f3digo por SMS.<\/p>\n\n\n\n<h2 class=\"wp-block-heading\">Onde consultar o benef\u00edcio<\/h2>\n\n\n\n<p>\u2022&nbsp; &nbsp;&nbsp;Aplicativo Meu Social \u2013 G\u00e1s do Povo, dispon\u00edvel para os celulares dos sistemas&nbsp;<a href=\"https:\/\/play.google.com\/store\/apps\/details?id=br.gov.mds.meusocial&amp;hl=pt_BR\" target=\"_blank\" rel=\"noreferrer noopener\">Android<\/a>&nbsp;e&nbsp;<a href=\"https:\/\/apps.apple.com\/br\/app\/meu-social-g%C3%A1s-do-povo\/id6754226503\" target=\"_blank\" rel=\"noreferrer noopener\">iOS<\/a>;<\/p>\n\n\n\n<p>\u2022&nbsp; &nbsp; P\u00e1gina oficial do G\u00e1s do Povo no&nbsp;<a href=\"https:\/\/gasdopovo.mds.gov.br\/\" target=\"_blank\" rel=\"noreferrer noopener\">site do MDS<\/a>;<\/p>\n\n\n\n<p>\u2022&nbsp; &nbsp;&nbsp;Portal&nbsp;<a href=\"https:\/\/cidadao.caixa.gov.br\/frontpage\" target=\"_blank\" rel=\"noreferrer noopener\">Cidad\u00e3o Caixa<\/a>;<\/p>\n\n\n\n<p>\u2022&nbsp; &nbsp;&nbsp;Caixa Cidad\u00e3o: 0800-726-0207.<\/p>\n\n\n\n<h2 class=\"wp-block-heading\">Canais para tirar d\u00favidas<\/h2>\n\n\n\n<p>\u2022&nbsp; &nbsp; Disque Social 121 (MDS);<\/p>\n\n\n\n<p>\u2022&nbsp; &nbsp;&nbsp;FalaBR, do Governo Federal &lt;https:\/\/falabr.cgu.gov.br\/web\/home&gt;;<\/p>\n\n\n\n<p>\u2022&nbsp; &nbsp;&nbsp;SAC Caixa: 0800-726-0101;<\/p>\n\n\n\n<h2 class=\"wp-block-heading\">Pr\u00f3ximos passos do programa<\/h2>\n\n\n\n<p>\u2022&nbsp; &nbsp; Cobertura em todos os 5.571 munic\u00edpios do pa\u00eds at\u00e9 mar\u00e7o;<\/p>\n\n\n\n<p>\u2022&nbsp; &nbsp; Atendimento de 15 milh\u00f5es de fam\u00edlias nos pr\u00f3ximos dois meses;<\/p>\n\n\n\n<p>\u2022&nbsp; &nbsp;&nbsp;Substitui\u00e7\u00e3o definitiva do antigo Aux\u00edlio G\u00e1s, com foco na recarga direta do botij\u00e3o.<\/p>\n\n\n\n<p>Fonte: Ag\u00eancia Brasil<\/p>\n","protected":false},"excerpt":{"rendered":"<p>O Programa G\u00e1s do Povo passa a atender todas as capitais brasileiras a partir desta segunda-feira (26). Nesta segunda fase, 950 mil novas fam\u00edlias de 17 capitais passam a receber o vale para recarga gratuita do botij\u00e3o de g\u00e1s de cozinha (GLP) de 13 quilos (kg), que pode ser utilizado em mais de 10 mil [&hellip;]<\/p>\n","protected":false},"author":3,"featured_media":5129,"comment_status":"open","ping_status":"open","sticky":false,"template":"","format":"standard","meta":{"footnotes":""},"categories":[131],"tags":[],"class_list":{"0":"post-5128","1":"post","2":"type-post","3":"status-publish","4":"format-standard","5":"has-post-thumbnail","7":"category-economia"},"_links":{"self":[{"href":"https:\/\/revistavalorenegocios.com\/index.php?rest_route=\/wp\/v2\/posts\/5128","targetHints":{"allow":["GET"]}}],"collection":[{"href":"https:\/\/revistavalorenegocios.com\/index.php?rest_route=\/wp\/v2\/posts"}],"about":[{"href":"https:\/\/revistavalorenegocios.com\/index.php?rest_route=\/wp\/v2\/types\/post"}],"author":[{"embeddable":true,"href":"https:\/\/revistavalorenegocios.com\/index.php?rest_route=\/wp\/v2\/users\/3"}],"replies":[{"embeddable":true,"href":"https:\/\/revistavalorenegocios.com\/index.php?rest_route=%2Fwp%2Fv2%2Fcomments&post=5128"}],"version-history":[{"count":1,"href":"https:\/\/revistavalorenegocios.com\/index.php?rest_route=\/wp\/v2\/posts\/5128\/revisions"}],"predecessor-version":[{"id":5130,"href":"https:\/\/revistavalorenegocios.com\/index.php?rest_route=\/wp\/v2\/posts\/5128\/revisions\/5130"}],"wp:featuredmedia":[{"embeddable":true,"href":"https:\/\/revistavalorenegocios.com\/index.php?rest_route=\/wp\/v2\/media\/5129"}],"wp:attachment":[{"href":"https:\/\/revistavalorenegocios.com\/index.php?rest_route=%2Fwp%2Fv2%2Fmedia&parent=5128"}],"wp:term":[{"taxonomy":"category","embeddable":true,"href":"https:\/\/revistavalorenegocios.com\/index.php?rest_route=%2Fwp%2Fv2%2Fcategories&post=5128"},{"taxonomy":"post_tag","embeddable":true,"href":"https:\/\/revistavalorenegocios.com\/index.php?rest_route=%2Fwp%2Fv2%2Ftags&post=5128"}],"curies":[{"name":"wp","href":"https:\/\/api.w.org\/{rel}","templated":true}]}}