{"id":5152,"date":"2026-01-27T10:34:42","date_gmt":"2026-01-27T13:34:42","guid":{"rendered":"https:\/\/revistavalorenegocios.com\/?p=5152"},"modified":"2026-01-27T10:34:43","modified_gmt":"2026-01-27T13:34:43","slug":"previa-da-inflacao-oficial-de-janeiro-perde-forca-e-fica-em-020","status":"publish","type":"post","link":"https:\/\/revistavalorenegocios.com\/?p=5152","title":{"rendered":"Pr\u00e9via da infla\u00e7\u00e3o oficial de janeiro perde for\u00e7a e fica em 0,20%"},"content":{"rendered":"\n<p>A conta de luz mais barata foi um dos fatores que ajudaram a pr\u00e9via da infla\u00e7\u00e3o oficial de janeiro perder for\u00e7a e fechar em 0,20%. Em dezembro, o \u00edndice havia ficado em 0,25%.&nbsp;&nbsp;<img decoding=\"async\" src=\"https:\/\/agenciabrasil.ebc.com.br\/ebc.png?id=1676133&amp;o=node\"><img decoding=\"async\" src=\"https:\/\/agenciabrasil.ebc.com.br\/ebc.gif?id=1676133&amp;o=node\"><\/p>\n\n\n\n<p>Com o resultado do primeiro m\u00eas de 2026, o \u00cdndice Nacional de Pre\u00e7os ao Consumidor Amplo 15 (IPCA-15) acumula 4,5% em 12 meses, limite m\u00e1ximo da meta de infla\u00e7\u00e3o do governo. Em dezembro, o acumulado era 4,41%.<\/p>\n\n\n\n<p>Os dados foram divulgados nesta ter\u00e7a-feira (23) pelo Instituto Brasileiro de Geografia e Estat\u00edstica (IBGE).&nbsp;<\/p>\n\n\n\n<p>Dos nove grupos de produtos e servi\u00e7os pesquisados pelo IBGE, dois apresentaram recuo na m\u00e9dia de pre\u00e7os na passagem de dezembro para janeiro:&nbsp;<\/p>\n\n\n\n<ul class=\"wp-block-list\">\n<li>Habita\u00e7\u00e3o: -0,26%\u00a0<\/li>\n\n\n\n<li>Transportes: -0,13%\u00a0<\/li>\n\n\n\n<li>Educa\u00e7\u00e3o: 0,05%\u00a0<\/li>\n\n\n\n<li>Vestu\u00e1rio: 0,28%\u00a0<\/li>\n\n\n\n<li>Despesas pessoais: 0,28%\u00a0<\/li>\n\n\n\n<li>Alimenta\u00e7\u00e3o e bebidas: 0,31%\u00a0<\/li>\n\n\n\n<li>Artigos de resid\u00eancia: 0,43%\u00a0<\/li>\n\n\n\n<li>Comunica\u00e7\u00e3o: 0,73%<\/li>\n\n\n\n<li>Sa\u00fade e cuidados pessoais: 0,81%\u00a0<\/li>\n<\/ul>\n\n\n\n<p><strong>Dentro do grupo habita\u00e7\u00e3o, a\u00a0conta de luz recuou 2,91%, sendo o pre\u00e7o que mais puxou a m\u00e9dia da infla\u00e7\u00e3o do m\u00eas para baixo \u2013 impacto de -1,2 ponto percentual (p.p.).\u00a0\u00a0<\/strong><\/p>\n\n\n\n<p>A explica\u00e7\u00e3o est\u00e1 na mudan\u00e7a da bandeira tarif\u00e1ria, determinada pela Ag\u00eancia Nacional de Energia El\u00e9trica (Aneel), que passou de amarela para verde.&nbsp;&nbsp;<\/p>\n\n\n\n<p>Em dezembro estava em vigor a bandeira amarela, com a cobran\u00e7a adicional de R$ 1,885 a cada 100 quilowatt-hora (Kwh) consumidos. J\u00e1 em janeiro, a verde n\u00e3o tem custo adicional para os consumidores.&nbsp;&nbsp;<\/p>\n\n\n\n<h2 class=\"wp-block-heading\">Pr\u00e9via x m\u00eas fechado<\/h2>\n\n\n\n<p>O IPCA-15 tem basicamente a mesma metodologia do IPCA, a chamada infla\u00e7\u00e3o oficial, que serve de base para a pol\u00edtica de meta de infla\u00e7\u00e3o do governo: 3% no acumulado em 12 meses, com margem de toler\u00e2ncia de 1,5 ponto percentual (p.p.) para mais ou para menos.&nbsp; &nbsp;<\/p>\n\n\n\n<p>A diferen\u00e7a est\u00e1 no per\u00edodo de coleta de pre\u00e7os e na abrang\u00eancia geogr\u00e1fica. Na pr\u00e9via, a pesquisa \u00e9 feita e divulgada antes mesmo de acabar o m\u00eas de refer\u00eancia. Em rela\u00e7\u00e3o \u00e0 divulga\u00e7\u00e3o atual, o per\u00edodo de coleta foi de 13 de dezembro de 2025 a 14 de janeiro de 2026.&nbsp;&nbsp;<\/p>\n\n\n\n<p>Ambos os \u00edndices levam em considera\u00e7\u00e3o uma cesta de produtos e servi\u00e7os para fam\u00edlias com rendimentos entre um e 40 sal\u00e1rios m\u00ednimos. Atualmente o valor do m\u00ednimo \u00e9 R$ 1.621.<\/p>\n\n\n\n<p>O IPCA-15 coleta pre\u00e7os em 11 localidades do pa\u00eds (regi\u00f5es metropolitanas de\u00a0Bel\u00e9m,\u00a0Belo Horizonte, Bras\u00edlia,\u00a0Curitiba, Fortaleza, Goi\u00e2nia,\u00a0Porto Alegre, Recife, do\u00a0Rio de Janeiro, de Salvador e\u00a0S\u00e3o Paulo). J\u00e1 o IPCA, pesquisa em 16 localidades (acrescenta Aracaju,\u00a0Campo Grande, Rio Branco, S\u00e3o Lu\u00eds e Vit\u00f3ria). O IPCA cheio de janeiro ser\u00e1 divulgado em 10 de fevereiro.\u00a0<br><br>Fonte: Ag\u00eancia Brasil<\/p>\n","protected":false},"excerpt":{"rendered":"<p>A conta de luz mais barata foi um dos fatores que ajudaram a pr\u00e9via da infla\u00e7\u00e3o oficial de janeiro perder for\u00e7a e fechar em 0,20%. Em dezembro, o \u00edndice havia ficado em 0,25%.&nbsp;&nbsp; Com o resultado do primeiro m\u00eas de 2026, o \u00cdndice Nacional de Pre\u00e7os ao Consumidor Amplo 15 (IPCA-15) acumula 4,5% em 12 [&hellip;]<\/p>\n","protected":false},"author":3,"featured_media":5153,"comment_status":"open","ping_status":"open","sticky":false,"template":"","format":"standard","meta":{"footnotes":""},"categories":[131],"tags":[],"class_list":{"0":"post-5152","1":"post","2":"type-post","3":"status-publish","4":"format-standard","5":"has-post-thumbnail","7":"category-economia"},"_links":{"self":[{"href":"https:\/\/revistavalorenegocios.com\/index.php?rest_route=\/wp\/v2\/posts\/5152","targetHints":{"allow":["GET"]}}],"collection":[{"href":"https:\/\/revistavalorenegocios.com\/index.php?rest_route=\/wp\/v2\/posts"}],"about":[{"href":"https:\/\/revistavalorenegocios.com\/index.php?rest_route=\/wp\/v2\/types\/post"}],"author":[{"embeddable":true,"href":"https:\/\/revistavalorenegocios.com\/index.php?rest_route=\/wp\/v2\/users\/3"}],"replies":[{"embeddable":true,"href":"https:\/\/revistavalorenegocios.com\/index.php?rest_route=%2Fwp%2Fv2%2Fcomments&post=5152"}],"version-history":[{"count":1,"href":"https:\/\/revistavalorenegocios.com\/index.php?rest_route=\/wp\/v2\/posts\/5152\/revisions"}],"predecessor-version":[{"id":5154,"href":"https:\/\/revistavalorenegocios.com\/index.php?rest_route=\/wp\/v2\/posts\/5152\/revisions\/5154"}],"wp:featuredmedia":[{"embeddable":true,"href":"https:\/\/revistavalorenegocios.com\/index.php?rest_route=\/wp\/v2\/media\/5153"}],"wp:attachment":[{"href":"https:\/\/revistavalorenegocios.com\/index.php?rest_route=%2Fwp%2Fv2%2Fmedia&parent=5152"}],"wp:term":[{"taxonomy":"category","embeddable":true,"href":"https:\/\/revistavalorenegocios.com\/index.php?rest_route=%2Fwp%2Fv2%2Fcategories&post=5152"},{"taxonomy":"post_tag","embeddable":true,"href":"https:\/\/revistavalorenegocios.com\/index.php?rest_route=%2Fwp%2Fv2%2Ftags&post=5152"}],"curies":[{"name":"wp","href":"https:\/\/api.w.org\/{rel}","templated":true}]}}