{"id":5165,"date":"2026-01-29T08:49:55","date_gmt":"2026-01-29T11:49:55","guid":{"rendered":"https:\/\/revistavalorenegocios.com\/?p=5165"},"modified":"2026-01-29T08:49:57","modified_gmt":"2026-01-29T11:49:57","slug":"setor-produtivo-reage-a-manutencao-da-selic-em-15-ao-ano","status":"publish","type":"post","link":"https:\/\/revistavalorenegocios.com\/?p=5165","title":{"rendered":"Setor produtivo reage \u00e0 manuten\u00e7\u00e3o da Selic em 15% ao ano"},"content":{"rendered":"\n<p>A decis\u00e3o do Comit\u00ea de Pol\u00edtica Monet\u00e1ria (Copom) do Banco Central de manter a taxa Selic em 15% ao ano, anunciada nesta quarta-feira (28), teve repercuss\u00e3o negativa entre representantes da ind\u00fastria, da constru\u00e7\u00e3o civil e de entidades sindicais, que apontam impactos sobre o crescimento econ\u00f4mico, o cr\u00e9dito e o emprego.<img decoding=\"async\" src=\"https:\/\/agenciabrasil.ebc.com.br\/ebc.png?id=1676371&amp;o=node\"><img decoding=\"async\" src=\"https:\/\/agenciabrasil.ebc.com.br\/ebc.gif?id=1676371&amp;o=node\"><\/p>\n\n\n\n<p>A Confedera\u00e7\u00e3o Nacional da Ind\u00fastria (CNI) avaliou que o atual patamar dos juros imp\u00f5e um custo elevado \u00e0 economia e desconsidera a trajet\u00f3ria recente de desacelera\u00e7\u00e3o da infla\u00e7\u00e3o. Para o presidente da entidade, Ricardo Alban, o Banco Central deveria ter iniciado o ciclo de flexibiliza\u00e7\u00e3o monet\u00e1ria.<\/p>\n\n\n\n<blockquote class=\"wp-block-quote is-layout-flow wp-block-quote-is-layout-flow\">\n<p>\u201cAo manter a Selic em n\u00edvel insustent\u00e1vel, o Copom prejudica a economia e aprofunda a desacelera\u00e7\u00e3o do crescimento. \u00c9 indispens\u00e1vel iniciar a redu\u00e7\u00e3o dos juros j\u00e1 na pr\u00f3xima reuni\u00e3o\u201d, afirmou em nota.<\/p>\n<\/blockquote>\n\n\n\n<p>Segundo a CNI, a infla\u00e7\u00e3o corrente e as expectativas inflacion\u00e1rias caminham para o centro da meta. O&nbsp;<a href=\"https:\/\/agenciabrasil.ebc.com.br\/economia\/noticia\/2026-01\/ipca-vai-033-em-dezembro-e-fecha-2025-em-426\" target=\"_blank\" rel=\"noreferrer noopener\">IPCA fechou 2025 em 4,26%<\/a>, abaixo do teto de 4,5%, enquanto proje\u00e7\u00f5es do Boletim Focus indicam infla\u00e7\u00e3o de 4% em 2026 e converg\u00eancia gradual para 3% nos anos seguintes. Ainda assim, a taxa real de juros segue em torno de 10,5% ao ano, cerca de 5,5 pontos percentuais acima da taxa neutra estimada pelo pr\u00f3prio Banco Central.<\/p>\n\n\n\n<p>O setor da constru\u00e7\u00e3o civil tamb\u00e9m manifestou preocupa\u00e7\u00e3o. Para o presidente da C\u00e2mara Brasileira da Ind\u00fastria da Constru\u00e7\u00e3o (CBIC), Renato Correia, os juros elevados restringem o cr\u00e9dito imobili\u00e1rio, reduzem a demanda por novos empreendimentos e dificultam a viabiliza\u00e7\u00e3o de projetos. \u201cUma pol\u00edtica monet\u00e1ria contracionista desacelera a atividade e afeta toda a cadeia produtiva, com reflexos prolongados sobre emprego e renda\u201d, disse.<\/p>\n\n\n\n<p>Em tom mais moderado, a Associa\u00e7\u00e3o Comercial de S\u00e3o Paulo (ACSP) avaliou que a decis\u00e3o reflete cautela diante de incertezas fiscais e externas. O economista Ulisses Ruiz de Gamboa destacou que, apesar da desacelera\u00e7\u00e3o da atividade, infla\u00e7\u00e3o e expectativas ainda se mant\u00eam acima da meta. Para ele, o comunicado do Copom ser\u00e1 decisivo para entender se h\u00e1 sinaliza\u00e7\u00e3o de in\u00edcio do ciclo de cortes.<\/p>\n\n\n\n<h2 class=\"wp-block-heading\">Centrais sindicais<\/h2>\n\n\n\n<p>J\u00e1 as centrais sindicais reagiram de forma mais dura.&nbsp;<strong>A Central \u00danica dos Trabalhadores (CUT) afirmou que a manuten\u00e7\u00e3o da Selic mant\u00e9m o Brasil no topo do ranking mundial de juros reais e penaliza a popula\u00e7\u00e3o.<\/strong>&nbsp;\u201cJuros altos encarecem o cr\u00e9dito, reduzem o consumo e resultam em menos empregos\u201d, afirmou Juvandia Moreira, presidenta da Confedera\u00e7\u00e3o Nacional dos Trabalhadores do Ramo Financeiro (Contraf-CUT).<\/p>\n\n\n\n<p>Segundo a entidade, cada ponto percentual da Selic acrescenta cerca de R$ 50 bilh\u00f5es aos gastos p\u00fablicos com juros da d\u00edvida.<\/p>\n\n\n\n<p>A For\u00e7a Sindical classificou a decis\u00e3o como \u201cirresponsabilidade social\u201d e acusou o Banco Central de favorecer a especula\u00e7\u00e3o financeira em detrimento do setor produtivo.&nbsp;<strong>Para o presidente da entidade, Miguel Torres, a pol\u00edtica monet\u00e1ria atual restringe o cr\u00e9dito, eleva o endividamento das fam\u00edlias e trava o desenvolvimento econ\u00f4mico.<\/strong><\/p>\n\n\n\n<p>Apesar das cr\u00edticas, o Copom manteve a Selic pela quinta vez consecutiva em 15% ao ano, o maior n\u00edvel desde 2006. A decis\u00e3o veio em linha com a expectativa da maioria dos analistas de mercado, em um cen\u00e1rio de infla\u00e7\u00e3o ainda acima da meta, incertezas fiscais e riscos externos.<br><br>Fonte: Ag\u00eancia Brasil<\/p>\n","protected":false},"excerpt":{"rendered":"<p>A decis\u00e3o do Comit\u00ea de Pol\u00edtica Monet\u00e1ria (Copom) do Banco Central de manter a taxa Selic em 15% ao ano, anunciada nesta quarta-feira (28), teve repercuss\u00e3o negativa entre representantes da ind\u00fastria, da constru\u00e7\u00e3o civil e de entidades sindicais, que apontam impactos sobre o crescimento econ\u00f4mico, o cr\u00e9dito e o emprego. A Confedera\u00e7\u00e3o Nacional da Ind\u00fastria [&hellip;]<\/p>\n","protected":false},"author":3,"featured_media":5166,"comment_status":"open","ping_status":"open","sticky":false,"template":"","format":"standard","meta":{"footnotes":""},"categories":[131],"tags":[],"class_list":{"0":"post-5165","1":"post","2":"type-post","3":"status-publish","4":"format-standard","5":"has-post-thumbnail","7":"category-economia"},"_links":{"self":[{"href":"https:\/\/revistavalorenegocios.com\/index.php?rest_route=\/wp\/v2\/posts\/5165","targetHints":{"allow":["GET"]}}],"collection":[{"href":"https:\/\/revistavalorenegocios.com\/index.php?rest_route=\/wp\/v2\/posts"}],"about":[{"href":"https:\/\/revistavalorenegocios.com\/index.php?rest_route=\/wp\/v2\/types\/post"}],"author":[{"embeddable":true,"href":"https:\/\/revistavalorenegocios.com\/index.php?rest_route=\/wp\/v2\/users\/3"}],"replies":[{"embeddable":true,"href":"https:\/\/revistavalorenegocios.com\/index.php?rest_route=%2Fwp%2Fv2%2Fcomments&post=5165"}],"version-history":[{"count":1,"href":"https:\/\/revistavalorenegocios.com\/index.php?rest_route=\/wp\/v2\/posts\/5165\/revisions"}],"predecessor-version":[{"id":5167,"href":"https:\/\/revistavalorenegocios.com\/index.php?rest_route=\/wp\/v2\/posts\/5165\/revisions\/5167"}],"wp:featuredmedia":[{"embeddable":true,"href":"https:\/\/revistavalorenegocios.com\/index.php?rest_route=\/wp\/v2\/media\/5166"}],"wp:attachment":[{"href":"https:\/\/revistavalorenegocios.com\/index.php?rest_route=%2Fwp%2Fv2%2Fmedia&parent=5165"}],"wp:term":[{"taxonomy":"category","embeddable":true,"href":"https:\/\/revistavalorenegocios.com\/index.php?rest_route=%2Fwp%2Fv2%2Fcategories&post=5165"},{"taxonomy":"post_tag","embeddable":true,"href":"https:\/\/revistavalorenegocios.com\/index.php?rest_route=%2Fwp%2Fv2%2Ftags&post=5165"}],"curies":[{"name":"wp","href":"https:\/\/api.w.org\/{rel}","templated":true}]}}