{"id":5180,"date":"2026-01-30T08:13:04","date_gmt":"2026-01-30T11:13:04","guid":{"rendered":"https:\/\/revistavalorenegocios.com\/?p=5180"},"modified":"2026-01-30T08:13:10","modified_gmt":"2026-01-30T11:13:10","slug":"pequenos-negocios-podem-renegociar-dividas-com-a-uniao-ate-esta-sexta","status":"publish","type":"post","link":"https:\/\/revistavalorenegocios.com\/?p=5180","title":{"rendered":"Pequenos neg\u00f3cios podem renegociar d\u00edvidas com a Uni\u00e3o at\u00e9 esta sexta"},"content":{"rendered":"\n<p>Microempreendedores individuais (MEI), microempresas e empresas de pequeno porte t\u00eam at\u00e9 esta sexta-feira (30) para aderir \u00e0s condi\u00e7\u00f5es especiais de renegocia\u00e7\u00e3o de d\u00e9bitos inscritos na d\u00edvida ativa da Uni\u00e3o. No ano passado, a Procuradoria-Geral da Fazenda Nacional (PGFN) prorrogou o&nbsp;<a href=\"https:\/\/www.gov.br\/pgfn\/pt-br\/servicos\/orientacoes-contribuintes\/acordo-de-transacao\/edital-pgdau-11-2025\" target=\"_blank\" rel=\"noreferrer noopener\">Edital n\u00ba 11\/2025<\/a>,&nbsp;que trata da transa\u00e7\u00e3o tribut\u00e1ria e cujo prazo de ades\u00e3o acabaria em 30 de setembro.<img decoding=\"async\" src=\"https:\/\/agenciabrasil.ebc.com.br\/ebc.png?id=1676095&amp;o=node\"><img decoding=\"async\" src=\"https:\/\/agenciabrasil.ebc.com.br\/ebc.gif?id=1676095&amp;o=node\"><\/p>\n\n\n\n<p>A iniciativa permite regularizar pend\u00eancias fiscais com descontos que podem chegar a 100% sobre juros, multas e encargos legais, al\u00e9m de prazos ampliados para parcelamento. As condi\u00e7\u00f5es variam conforme a situa\u00e7\u00e3o da d\u00edvida e a capacidade de pagamento do contribuinte.<\/p>\n\n\n\n<h2 class=\"wp-block-heading\">Quem pode aderir<\/h2>\n\n\n\n<ul class=\"wp-block-list\">\n<li>Microempreendedores individuais (MEI);<\/li>\n\n\n\n<li>Microempresas;<\/li>\n\n\n\n<li>Empresas de pequeno porte.<\/li>\n<\/ul>\n\n\n\n<h2 class=\"wp-block-heading\">Modalidades dispon\u00edveis<\/h2>\n\n\n\n<p>O edital prev\u00ea diferentes formas de transa\u00e7\u00e3o, entre elas:<\/p>\n\n\n\n<ul class=\"wp-block-list\">\n<li>Transa\u00e7\u00e3o conforme a capacidade de pagamento do contribuinte;<\/li>\n\n\n\n<li>D\u00e9bitos considerados irrecuper\u00e1veis;<\/li>\n\n\n\n<li>Transa\u00e7\u00e3o de pequeno valor, para d\u00edvidas de at\u00e9 60 sal\u00e1rios m\u00ednimos, com regras espec\u00edficas para MEI;<\/li>\n\n\n\n<li>D\u00e9bitos garantidos por seguro garantia ou carta fian\u00e7a.<\/li>\n<\/ul>\n\n\n\n<h2 class=\"wp-block-heading\">Como aderir<\/h2>\n\n\n\n<p>A consulta \u00e0s pend\u00eancias e a formaliza\u00e7\u00e3o da ades\u00e3o devem ser feitas pelos canais oficiais da&nbsp;<a href=\"https:\/\/www.gov.br\/empresas-e-negocios\/pt-br\/empreendedor\/verificar-debitos-do-mei\" target=\"_blank\" rel=\"noreferrer noopener\">PGFN<\/a>. A prorroga\u00e7\u00e3o do prazo amplia o alcance da medida e busca estimular a regulariza\u00e7\u00e3o fiscal como forma de apoiar a recupera\u00e7\u00e3o dos pequenos neg\u00f3cios.<\/p>\n\n\n\n<p>A PGFN refor\u00e7a que a renegocia\u00e7\u00e3o de d\u00edvidas n\u00e3o se confunde com o pedido de reenquadramento no Simples Nacional, que ocorre no in\u00edcio de cada ano. Cada procedimento tem regras pr\u00f3prias e deve ser feito separadamente.<\/p>\n\n\n\n<h2 class=\"wp-block-heading\">Aten\u00e7\u00e3o aos prazos<\/h2>\n\n\n\n<ul class=\"wp-block-list\">\n<li>30 de janeiro: prazo exclusivo para aderir \u00e0s modalidades de renegocia\u00e7\u00e3o da d\u00edvida ativa da Uni\u00e3o;<\/li>\n\n\n\n<li>31 de janeiro: prazo distinto para pedir retorno ao Simples Nacional por MEIs desenquadrados do regime.<\/li>\n<\/ul>\n\n\n\n<p>Fonte: Ag\u00eancia Brasil<\/p>\n","protected":false},"excerpt":{"rendered":"<p>Microempreendedores individuais (MEI), microempresas e empresas de pequeno porte t\u00eam at\u00e9 esta sexta-feira (30) para aderir \u00e0s condi\u00e7\u00f5es especiais de renegocia\u00e7\u00e3o de d\u00e9bitos inscritos na d\u00edvida ativa da Uni\u00e3o. No ano passado, a Procuradoria-Geral da Fazenda Nacional (PGFN) prorrogou o&nbsp;Edital n\u00ba 11\/2025,&nbsp;que trata da transa\u00e7\u00e3o tribut\u00e1ria e cujo prazo de ades\u00e3o acabaria em 30 de [&hellip;]<\/p>\n","protected":false},"author":3,"featured_media":5181,"comment_status":"open","ping_status":"open","sticky":false,"template":"","format":"standard","meta":{"footnotes":""},"categories":[131],"tags":[],"class_list":{"0":"post-5180","1":"post","2":"type-post","3":"status-publish","4":"format-standard","5":"has-post-thumbnail","7":"category-economia"},"_links":{"self":[{"href":"https:\/\/revistavalorenegocios.com\/index.php?rest_route=\/wp\/v2\/posts\/5180","targetHints":{"allow":["GET"]}}],"collection":[{"href":"https:\/\/revistavalorenegocios.com\/index.php?rest_route=\/wp\/v2\/posts"}],"about":[{"href":"https:\/\/revistavalorenegocios.com\/index.php?rest_route=\/wp\/v2\/types\/post"}],"author":[{"embeddable":true,"href":"https:\/\/revistavalorenegocios.com\/index.php?rest_route=\/wp\/v2\/users\/3"}],"replies":[{"embeddable":true,"href":"https:\/\/revistavalorenegocios.com\/index.php?rest_route=%2Fwp%2Fv2%2Fcomments&post=5180"}],"version-history":[{"count":1,"href":"https:\/\/revistavalorenegocios.com\/index.php?rest_route=\/wp\/v2\/posts\/5180\/revisions"}],"predecessor-version":[{"id":5182,"href":"https:\/\/revistavalorenegocios.com\/index.php?rest_route=\/wp\/v2\/posts\/5180\/revisions\/5182"}],"wp:featuredmedia":[{"embeddable":true,"href":"https:\/\/revistavalorenegocios.com\/index.php?rest_route=\/wp\/v2\/media\/5181"}],"wp:attachment":[{"href":"https:\/\/revistavalorenegocios.com\/index.php?rest_route=%2Fwp%2Fv2%2Fmedia&parent=5180"}],"wp:term":[{"taxonomy":"category","embeddable":true,"href":"https:\/\/revistavalorenegocios.com\/index.php?rest_route=%2Fwp%2Fv2%2Fcategories&post=5180"},{"taxonomy":"post_tag","embeddable":true,"href":"https:\/\/revistavalorenegocios.com\/index.php?rest_route=%2Fwp%2Fv2%2Ftags&post=5180"}],"curies":[{"name":"wp","href":"https:\/\/api.w.org\/{rel}","templated":true}]}}