{"id":5228,"date":"2026-02-05T08:59:39","date_gmt":"2026-02-05T11:59:39","guid":{"rendered":"https:\/\/revistavalorenegocios.com\/?p=5228"},"modified":"2026-02-05T08:59:42","modified_gmt":"2026-02-05T11:59:42","slug":"empresa-da-embraer-vende-duas-aeronaves-eletricas-para-o-japao","status":"publish","type":"post","link":"https:\/\/revistavalorenegocios.com\/?p=5228","title":{"rendered":"Empresa da Embraer vende duas aeronaves el\u00e9tricas\u00a0para o Jap\u00e3o"},"content":{"rendered":"\n<p>A empresa Eve Air Mobility, subsidi\u00e1ria da Embraer que desenvolve aeronaves el\u00e9tricas de decolagem e pouso vertical (eVTOL), anunciou a venda de dois ve\u00edculos para a japonesa AirX, que atua com transporte a\u00e9reo, atualmente utilizando helic\u00f3pteros. O contrato pode ser ampliado, pois h\u00e1 a op\u00e7\u00e3o de compra de at\u00e9 50 unidades.&nbsp;<img decoding=\"async\" src=\"https:\/\/agenciabrasil.ebc.com.br\/ebc.png?id=1677119&amp;o=node\"><img decoding=\"async\" src=\"https:\/\/agenciabrasil.ebc.com.br\/ebc.gif?id=1677119&amp;o=node\"><\/p>\n\n\n\n<p><strong>Com a entrega dos ve\u00edculos prevista para 2029 e previs\u00e3o de opera\u00e7\u00e3o em T\u00f3quio e Osaka, como ve\u00edculo de \u00faltima milha&nbsp;para rotas tur\u00edsticas, a venda foi a primeira da empresa para a regi\u00e3o da \u00c1sia-Pac\u00edfico<\/strong>. Embraer e Eve participam do Singapore Airshow, uma das maiores feiras do setor.<\/p>\n\n\n\n<blockquote class=\"wp-block-quote is-layout-flow wp-block-quote-is-layout-flow\">\n<p>\u201cEstamos entusiasmados em firmar parceria com a Eve Air Mobility para levar o transporte a\u00e9reo da pr\u00f3xima gera\u00e7\u00e3o ao Jap\u00e3o\u201d, afirmou&nbsp;Kiwamu Tezuka, fundador e CEO da AirX, em posicionamento oficial das companhias para anunciar o acordo.<\/p>\n<\/blockquote>\n\n\n\n<p><strong>Para ele, essa colabora\u00e7\u00e3o refor\u00e7a o&nbsp;compromisso com sustentabilidade e inova\u00e7\u00e3o, al\u00e9m de posicionar a AirX na linha de frente do mercado em evolu\u00e7\u00e3o da mobilidade a\u00e9rea.<\/strong><\/p>\n\n\n\n<p><strong>Com o an\u00fancio, as a\u00e7\u00f5es da empresa na B3 interromperam o movimento de queda<\/strong>. Lan\u00e7adas em julho de 2025, a R$ 39 a a\u00e7\u00e3o, terminaram o preg\u00e3o dessa quarta-feira (4)\u00a0a R$19,80. Ontem (3) foram vendidas a R$ 19,62, igualando o menor valor, registrado em 17 de setembro. Na bolsa de Nova Iorque (NYSE), as a\u00e7\u00f5es da empresa est\u00e3o em queda desde 22 de janeiro, quando estavam cotadas a US$ 4,59. Ontem\u00a0foram negociadas a US$ 3,65.\u00a0<br><br>Fonte: Ag\u00eancia Brasil<\/p>\n","protected":false},"excerpt":{"rendered":"<p>A empresa Eve Air Mobility, subsidi\u00e1ria da Embraer que desenvolve aeronaves el\u00e9tricas de decolagem e pouso vertical (eVTOL), anunciou a venda de dois ve\u00edculos para a japonesa AirX, que atua com transporte a\u00e9reo, atualmente utilizando helic\u00f3pteros. O contrato pode ser ampliado, pois h\u00e1 a op\u00e7\u00e3o de compra de at\u00e9 50 unidades.&nbsp; Com a entrega dos [&hellip;]<\/p>\n","protected":false},"author":3,"featured_media":5229,"comment_status":"open","ping_status":"open","sticky":false,"template":"","format":"standard","meta":{"footnotes":""},"categories":[131],"tags":[],"class_list":{"0":"post-5228","1":"post","2":"type-post","3":"status-publish","4":"format-standard","5":"has-post-thumbnail","7":"category-economia"},"_links":{"self":[{"href":"https:\/\/revistavalorenegocios.com\/index.php?rest_route=\/wp\/v2\/posts\/5228","targetHints":{"allow":["GET"]}}],"collection":[{"href":"https:\/\/revistavalorenegocios.com\/index.php?rest_route=\/wp\/v2\/posts"}],"about":[{"href":"https:\/\/revistavalorenegocios.com\/index.php?rest_route=\/wp\/v2\/types\/post"}],"author":[{"embeddable":true,"href":"https:\/\/revistavalorenegocios.com\/index.php?rest_route=\/wp\/v2\/users\/3"}],"replies":[{"embeddable":true,"href":"https:\/\/revistavalorenegocios.com\/index.php?rest_route=%2Fwp%2Fv2%2Fcomments&post=5228"}],"version-history":[{"count":1,"href":"https:\/\/revistavalorenegocios.com\/index.php?rest_route=\/wp\/v2\/posts\/5228\/revisions"}],"predecessor-version":[{"id":5230,"href":"https:\/\/revistavalorenegocios.com\/index.php?rest_route=\/wp\/v2\/posts\/5228\/revisions\/5230"}],"wp:featuredmedia":[{"embeddable":true,"href":"https:\/\/revistavalorenegocios.com\/index.php?rest_route=\/wp\/v2\/media\/5229"}],"wp:attachment":[{"href":"https:\/\/revistavalorenegocios.com\/index.php?rest_route=%2Fwp%2Fv2%2Fmedia&parent=5228"}],"wp:term":[{"taxonomy":"category","embeddable":true,"href":"https:\/\/revistavalorenegocios.com\/index.php?rest_route=%2Fwp%2Fv2%2Fcategories&post=5228"},{"taxonomy":"post_tag","embeddable":true,"href":"https:\/\/revistavalorenegocios.com\/index.php?rest_route=%2Fwp%2Fv2%2Ftags&post=5228"}],"curies":[{"name":"wp","href":"https:\/\/api.w.org\/{rel}","templated":true}]}}