{"id":5246,"date":"2026-02-09T10:37:24","date_gmt":"2026-02-09T13:37:24","guid":{"rendered":"https:\/\/revistavalorenegocios.com\/?p=5246"},"modified":"2026-02-09T10:37:26","modified_gmt":"2026-02-09T13:37:26","slug":"move-brasil-liberou-quase-r-2-bilhoes-para-financiar-caminhoes","status":"publish","type":"post","link":"https:\/\/revistavalorenegocios.com\/?p=5246","title":{"rendered":"Move Brasil liberou quase R$ 2 bilh\u00f5es para financiar caminh\u00f5es"},"content":{"rendered":"\n<p>Em&nbsp;evento em Guarulhos (SP), o&nbsp;<strong>vice-presidente e ministro do Desenvolvimento, Ind\u00fastria, Com\u00e9rcio e Servi\u00e7os, Geraldo Alckmin, disse neste domingo (8) que o&nbsp;programa Move Brasil liberou aproximadamente&nbsp;R$ 2 bilh\u00f5es em financiamentos para renova\u00e7\u00e3o da frota de caminh\u00f5es no primeiro m\u00eas de vig\u00eancia.<\/strong><img decoding=\"async\" src=\"https:\/\/agenciabrasil.ebc.com.br\/ebc.png?id=1677480&amp;o=node\"><img decoding=\"async\" src=\"https:\/\/agenciabrasil.ebc.com.br\/ebc.gif?id=1677480&amp;o=node\"><\/p>\n\n\n\n<p>O programa busca substituir ve\u00edculos antigos e retomar o ritmo de vendas, que havia recuado 9,2% em 2025. Em rela\u00e7\u00e3o aos modelos pesados, voltados para transporte de longas dist\u00e2ncias, a retra\u00e7\u00e3o foi mais acentuada, de 20,5% ante 2024.<\/p>\n\n\n\n<p>Segundo a Associa\u00e7\u00e3o Nacional dos Fabricantes de Ve\u00edculos Automotores (Anfavea), o mercado de caminh\u00f5es iniciou o ano em retra\u00e7\u00e3o de 34,67% (em rela\u00e7\u00e3o a janeiro de 2024).<\/p>\n\n\n\n<p><strong>Para Alckmin, a queda nas vendas est\u00e1 relacionada \u00e0 alta taxa&nbsp;de juro&nbsp;no pa\u00eds.<\/strong><\/p>\n\n\n\n<p>&#8220;Temos recorde de safra, com aumento de 17,9%. Tamb\u00e9m de exporta\u00e7\u00e3o, com US$ 349 bilh\u00f5es, e uma corrente de com\u00e9rcio de US$ 629 bilh\u00f5es. Esses produtos precisam chegar a portos e aeroportos. Qual foi o problema? A taxa de juros. Normalmente, quem compra esse tipo de bem de uso duradouro financia, \u00e9 dif\u00edcil comprar \u00e0 vista. Eu vou e financio. A taxa estava&nbsp;em 22%, 23% ao ano, e a resposta foi boa, cerca de R$&nbsp;1,9 bilh\u00e3o&nbsp;neste comecinho&#8221;, destacou.&nbsp;<\/p>\n\n\n\n<p>Dono de uma empresa de transportes em Santa Isabel, na regi\u00e3o metropolitana de S\u00e3o Paulo, Orlando Boaventura pegou empr\u00e9stimo pelo Move Brasil. A empresa, familiar, tem 30 funcion\u00e1rios e existe h\u00e1 20 anos. Com os recursos,&nbsp;compraram o&nbsp;29\u00ba caminh\u00e3o.<\/p>\n\n\n\n<p>&#8220;Um modelo novo gasta hoje at\u00e9 R$ 200 a menos em combust\u00edvel&nbsp;em uma viagem daqui para o Rio de Janeiro, por exemplo. A gente busca a renova\u00e7\u00e3o de frota e essa taxa de juros \u00e9 adequada, est\u00e1&nbsp;dentro do nosso padr\u00e3o. Conseguimos um bom pre\u00e7o e achamos que era o melhor momento para comprar&#8221;, contou. A empresa&nbsp;deve contratar mais cinco trabalhadores este ano.&nbsp;<\/p>\n\n\n\n<p>O representante&nbsp;dos trabalhadores,&nbsp;Wellington Damasceno, do Sindicato dos Metal\u00fargicos do ABC, destacou o esfor\u00e7o conjunto de empresas, sindicatos e do governo federal para elabora\u00e7\u00e3o do&nbsp;programa, que visa a manuten\u00e7\u00e3o dos empregos no setor, como a diminui\u00e7\u00e3o das emiss\u00f5es de carbono e a transi\u00e7\u00e3o para modelos de log\u00edstica mais sustent\u00e1veis.<\/p>\n\n\n\n<p>No evento, os representantes da ind\u00fastria pediram a&nbsp;manuten\u00e7\u00e3o do programa, como forma de estimular a retomada das vendas do setor, que envolve f\u00e1bricas, concession\u00e1rias,&nbsp;ind\u00fastrias de pe\u00e7as e outros produtos relacionados.<\/p>\n\n\n\n<p>&#8220;Vemos uma tend\u00eancia do Banco Central de pensar o in\u00edcio de um ciclo de redu\u00e7\u00e3o da taxa Selic. Isso talvez compense, caso n\u00e3o haja pereniza\u00e7\u00e3o no programa, mas ele j\u00e1 tem um valor importante porque antecipa a expectativa e como a taxa de juros estar\u00e1 a partir do terceiro e quarto trimestres&nbsp;deste ano&#8221;, destacou o CEO da Scania, Christopher Polgorski, acrescentando&nbsp;que cada emprego mantido na produ\u00e7\u00e3o e vendas diretas reflete na manuten\u00e7\u00e3o de&nbsp;outros seis empregos indiretos.<\/p>\n\n\n\n<p>Alckmin informou que o&nbsp;programa n\u00e3o tem um prazo de conclus\u00e3o, e que teto deve continuar em&nbsp;R$ 10 bilh\u00f5es.&nbsp;&#8220;Neste momento n\u00e3o temos discuss\u00e3o de aumento do valor [do teto]. O prazo pode durar dois meses, quatro meses, seis meses, at\u00e9 que o recurso se esgote. Depois disso n\u00f3s vamos estudar&#8221;, disse.<\/p>\n\n\n\n<h2 class=\"wp-block-heading\">Move Brasil<\/h2>\n\n\n\n<p><strong>O Move Brasil libera cr\u00e9dito para&nbsp;a compra de caminh\u00f5es novos e de seminovos fabricados a partir de 2012 por meio do Banco Nacional de Desenvolvimento Econ\u00f4mico e Social (BNDES)<\/strong>. Os ve\u00edculos precisam&nbsp;atender&nbsp;a&nbsp;crit\u00e9rios ambientais.<\/p>\n\n\n\n<p>No final de janeiro, o Renova\u00e7\u00e3o da Frota, dentro do Move Brasil, beneficiou&nbsp;caminhoneiros aut\u00f4nomos, cooperados e empresas transportadoras de 532 munic\u00edpios. Somente no m\u00eas passado, foram realizadas 1.152 opera\u00e7\u00f5es, com valor m\u00e9dio de R$ 1,1 milh\u00e3o.<\/p>\n\n\n\n<p>No total, o programa disponibilizar\u00e1 R$ 10 bilh\u00f5es em&nbsp;cr\u00e9dito, entre recursos do Tesouro Nacional e BNDES. Desse total, R$ 1 bilh\u00e3o \u00e9&nbsp;reservado&nbsp;exclusivamente a caminhoneiros aut\u00f4nomos e cooperados. As taxas de juros cobradas est\u00e3o em torno de 13% a 14% ao ano. H\u00e1&nbsp;condi\u00e7\u00f5es melhores para quem comprovar entrega de ve\u00edculos mais antigos&nbsp;para desmonte.<\/p>\n\n\n\n<p>O limite de financiamento \u00e9 de at\u00e9 R$ 50 milh\u00f5es por usu\u00e1rio. Os empr\u00e9stimos ter\u00e3o prazo m\u00e1ximo de 5 anos e car\u00eancia de at\u00e9 6 meses.<\/p>\n\n\n\n<p>Todas as opera\u00e7\u00f5es s\u00e3o cobertas pelo Fundo Garantidor de Investimentos (FGI), com garantias de at\u00e9 80% do valor financiado.<br><br>Fonte: Ag\u00eancia Brasil<\/p>\n","protected":false},"excerpt":{"rendered":"<p>Em&nbsp;evento em Guarulhos (SP), o&nbsp;vice-presidente e ministro do Desenvolvimento, Ind\u00fastria, Com\u00e9rcio e Servi\u00e7os, Geraldo Alckmin, disse neste domingo (8) que o&nbsp;programa Move Brasil liberou aproximadamente&nbsp;R$ 2 bilh\u00f5es em financiamentos para renova\u00e7\u00e3o da frota de caminh\u00f5es no primeiro m\u00eas de vig\u00eancia. O programa busca substituir ve\u00edculos antigos e retomar o ritmo de vendas, que havia recuado [&hellip;]<\/p>\n","protected":false},"author":3,"featured_media":5247,"comment_status":"open","ping_status":"open","sticky":false,"template":"","format":"standard","meta":{"footnotes":""},"categories":[131],"tags":[],"class_list":{"0":"post-5246","1":"post","2":"type-post","3":"status-publish","4":"format-standard","5":"has-post-thumbnail","7":"category-economia"},"_links":{"self":[{"href":"https:\/\/revistavalorenegocios.com\/index.php?rest_route=\/wp\/v2\/posts\/5246","targetHints":{"allow":["GET"]}}],"collection":[{"href":"https:\/\/revistavalorenegocios.com\/index.php?rest_route=\/wp\/v2\/posts"}],"about":[{"href":"https:\/\/revistavalorenegocios.com\/index.php?rest_route=\/wp\/v2\/types\/post"}],"author":[{"embeddable":true,"href":"https:\/\/revistavalorenegocios.com\/index.php?rest_route=\/wp\/v2\/users\/3"}],"replies":[{"embeddable":true,"href":"https:\/\/revistavalorenegocios.com\/index.php?rest_route=%2Fwp%2Fv2%2Fcomments&post=5246"}],"version-history":[{"count":1,"href":"https:\/\/revistavalorenegocios.com\/index.php?rest_route=\/wp\/v2\/posts\/5246\/revisions"}],"predecessor-version":[{"id":5248,"href":"https:\/\/revistavalorenegocios.com\/index.php?rest_route=\/wp\/v2\/posts\/5246\/revisions\/5248"}],"wp:featuredmedia":[{"embeddable":true,"href":"https:\/\/revistavalorenegocios.com\/index.php?rest_route=\/wp\/v2\/media\/5247"}],"wp:attachment":[{"href":"https:\/\/revistavalorenegocios.com\/index.php?rest_route=%2Fwp%2Fv2%2Fmedia&parent=5246"}],"wp:term":[{"taxonomy":"category","embeddable":true,"href":"https:\/\/revistavalorenegocios.com\/index.php?rest_route=%2Fwp%2Fv2%2Fcategories&post=5246"},{"taxonomy":"post_tag","embeddable":true,"href":"https:\/\/revistavalorenegocios.com\/index.php?rest_route=%2Fwp%2Fv2%2Ftags&post=5246"}],"curies":[{"name":"wp","href":"https:\/\/api.w.org\/{rel}","templated":true}]}}